{"id":17630,"date":"2013-02-06T00:00:00","date_gmt":"2013-02-06T02:00:00","guid":{"rendered":"https:\/\/www.cnbb.org.br\/bispos-debatem-questao-da-elaboracao-do-marco-regulatorio-da-mineracao\/"},"modified":"2013-02-06T00:00:00","modified_gmt":"2013-02-06T02:00:00","slug":"bispos-debatem-questao-da-elaboracao-do-marco-regulatorio-da-mineracao","status":"publish","type":"post","link":"https:\/\/www.cnbb.org.br\/bispos-debatem-questao-da-elaboracao-do-marco-regulatorio-da-mineracao\/","title":{"rendered":"Bispos debatem quest\u00e3o da elabora\u00e7\u00e3o do marco regulat\u00f3rio da minera\u00e7\u00e3o"},"content":{"rendered":"<div style=\"text-align: justify\"><\/div>\n<div style=\"text-align: justify\">A Comiss\u00e3o Episcopal Pastoral para o Servi\u00e7o da Caridade, da Justi\u00e7a e da Paz apresentou na manh\u00e3 desta quarta-feira, 06 de fevereiro, a quest\u00e3o da elabora\u00e7\u00e3o do marco regulat\u00f3rio da minera\u00e7\u00e3o no Brasil. A CNBB j\u00e1 tentou participar deste debate junto ao governo federal, mas at\u00e9 agora n\u00e3o conseguiu resposta de participa\u00e7\u00e3o.<\/div>\n<div style=\"text-align: justify\"><\/div>\n<p>  <!--more-->  <\/p>\n<div style=\"text-align: justify\">O presidente da Comiss\u00e3o, dom Guilherme Werlang, explicou que a quest\u00e3o envolve o tema das terras ind\u00edgenas, quilombolas e tamb\u00e9m a preserva\u00e7\u00e3o do meio ambiente. \u201cA discuss\u00e3o, at\u00e9 agora, est\u00e1 apenas no n\u00edvel dos grupos econ\u00f4micos\u201d, refor\u00e7ou dom Leonardo Steiner, secret\u00e1rio geral da CNBB.<\/p>\n<p>Um dos convidados para apresentar o assunto aos bispos, o padre Dario Bossi, do movimento Justi\u00e7a nos Trilhos, falou da relev\u00e2ncia do assunto. \u201cN\u00e3o conseguimos entrar ainda nesta discuss\u00e3o, ou participar do di\u00e1logo para tornar transparente o debate deste novo marco regulat\u00f3rio\u201d. O debate atual prev\u00ea uma legisla\u00e7\u00e3o mais flex\u00edvel em certas \u00e1reas de extra\u00e7\u00e3o mineral, com o argumento do interesse nacional.<\/p>\n<p>Alessandra Cardoso, do Instituto de Estudos Socioecon\u00f4micos, entregou ao episcopado o resultado de um estudo com dados detalhados sobre o impacto do tema. Dom Guilherme apresentou, em nome da Comiss\u00e3o, a proposta de que a CNBB apresente uma manifesta\u00e7\u00e3o p\u00fablica sobre a quest\u00e3o, por meio de carta. <\/p>\n<p>Os bispos debateram a proposta e decidiram que ser\u00e1 apresentada uma carta, com conte\u00fado did\u00e1tico, dirigida ao Congresso Nacional, \u00e0 Presid\u00eancia da Rep\u00fablica e ao Supremo Tribunal Federal. O texto, por\u00e9m, ser\u00e1 apreciado no encontro do Conselho Permanente da entidade, no in\u00edcio de mar\u00e7o.<\/p><\/div>\n","protected":false},"excerpt":{"rendered":"<p>A Comiss\u00e3o Episcopal Pastoral para o Servi\u00e7o da Caridade, da Justi\u00e7a e da Paz apresentou na manh\u00e3 desta quarta-feira, 06 de fevereiro, a quest\u00e3o da elabora\u00e7\u00e3o do marco regulat\u00f3rio da minera\u00e7\u00e3o no Brasil. A CNBB j\u00e1 tentou participar deste debate junto ao governo federal, mas at\u00e9 agora n\u00e3o conseguiu resposta de participa\u00e7\u00e3o.<\/p>\n","protected":false},"author":83,"featured_media":17631,"comment_status":"open","ping_status":"open","sticky":false,"template":"","format":"standard","meta":{"site-sidebar-layout":"default","site-content-layout":"default","ast-global-header-display":"","ast-banner-title-visibility":"","ast-main-header-display":"","ast-hfb-above-header-display":"","ast-hfb-below-header-display":"","ast-hfb-mobile-header-display":"","site-post-title":"","ast-breadcrumbs-content":"","ast-featured-img":"","footer-sml-layout":"","theme-transparent-header-meta":"","adv-header-id-meta":"","stick-header-meta":"","header-above-stick-meta":"","header-main-stick-meta":"","header-below-stick-meta":""},"categories":[841],"tags":[],"acf":[],"_links":{"self":[{"href":"https:\/\/www.cnbb.org.br\/cnbb-app\/wp\/v2\/posts\/17630"}],"collection":[{"href":"https:\/\/www.cnbb.org.br\/cnbb-app\/wp\/v2\/posts"}],"about":[{"href":"https:\/\/www.cnbb.org.br\/cnbb-app\/wp\/v2\/types\/post"}],"author":[{"embeddable":true,"href":"https:\/\/www.cnbb.org.br\/cnbb-app\/wp\/v2\/users\/83"}],"replies":[{"embeddable":true,"href":"https:\/\/www.cnbb.org.br\/cnbb-app\/wp\/v2\/comments?post=17630"}],"version-history":[{"count":0,"href":"https:\/\/www.cnbb.org.br\/cnbb-app\/wp\/v2\/posts\/17630\/revisions"}],"wp:featuredmedia":[{"embeddable":true,"href":"https:\/\/www.cnbb.org.br\/cnbb-app\/wp\/v2\/media\/17631"}],"wp:attachment":[{"href":"https:\/\/www.cnbb.org.br\/cnbb-app\/wp\/v2\/media?parent=17630"}],"wp:term":[{"taxonomy":"category","embeddable":true,"href":"https:\/\/www.cnbb.org.br\/cnbb-app\/wp\/v2\/categories?post=17630"},{"taxonomy":"post_tag","embeddable":true,"href":"https:\/\/www.cnbb.org.br\/cnbb-app\/wp\/v2\/tags?post=17630"}],"curies":[{"name":"wp","href":"https:\/\/api.w.org\/{rel}","templated":true}]}}