{"id":17701,"date":"2014-01-08T00:00:00","date_gmt":"2014-01-08T02:00:00","guid":{"rendered":"https:\/\/www.cnbb.org.br\/diversidade-e-inclusao-sao-temas-do-quarto-dia-do-curso-de-verao\/"},"modified":"2014-01-08T00:00:00","modified_gmt":"2014-01-08T02:00:00","slug":"diversidade-e-inclusao-sao-temas-do-quarto-dia-do-curso-de-verao","status":"publish","type":"post","link":"https:\/\/www.cnbb.org.br\/diversidade-e-inclusao-sao-temas-do-quarto-dia-do-curso-de-verao\/","title":{"rendered":"Diversidade e inclus\u00e3o s\u00e3o temas do quarto dia do Curso de Ver\u00e3o"},"content":{"rendered":"<p style=\"text-align: justify\">\n<p style=\"text-align: justify\">Debates sobre Pol\u00edticas P\u00fablicas de Juventude e seus desafios, como a inclus\u00e3o social e a diversidade e direitos s\u00e3o reflex\u00f5es propostas aos cursistas do 27\u00ba Curso de Ver\u00e3o promovido pelo Centro Ecum\u00eanico de Servi\u00e7os \u00e0 Evangeliza\u00e7\u00e3o e Educa\u00e7\u00e3o Popular (Ceseep).<\/p>\n<hr id=\"system-readmore\" style=\"text-align: justify\" \/>\n<p style=\"text-align: justify\"><span style=\"text-align: justify\">O evento teve in\u00edcio no s\u00e1bado, 4, e prossegue at\u00e9 12 de janeiro, na Pontif\u00edcia Universidade Cat\u00f3lica de S\u00e3o Paulo (PUC\/SP). Re\u00fane pessoas comprometidas com trabalhos pastorais, comunit\u00e1rios e com movimentos populares e suas causas. Este ano, o tema \u00e9 \u201cJuventudes em foco: por pol\u00edticas p\u00fablicas inclusivas em trabalho, educa\u00e7\u00e3o e cultura\u201d.<\/span><\/p>\n<p style=\"text-align: justify\">O assessor das CEBs e coordenador geral do Ceseep, padre Jos\u00e9 Oscar Beozzo, explica que o curso nasceu da rela\u00e7\u00e3o entre a caminhada das CEBs e o desafio da forma\u00e7\u00e3o dos movimentos populares.<\/p>\n<p style=\"text-align: justify\">\u201cInfelizmente, esse ano o Curso de Ver\u00e3o coincidiu com a data de realiza\u00e7\u00e3o do encontro das CEBs, em Juazeiro do Norte. Assim, muitas lideran\u00e7as foram participar do intereclesial e n\u00e3o puderam estar aqui no Curso de Ver\u00e3o. Mas, estamos muito interligados porque os dois eventos s\u00e3o irm\u00e3os g\u00eameos. A gente espera que um fortale\u00e7a o outro\u201d, comenta.<\/p>\n<p style=\"text-align: justify\"><strong>Juventude e trabalho<\/strong><\/p>\n<p style=\"text-align: justify\">No quarto dia do curso, o economista e professor do Instituto de Economia da Universidade Estadual de Campinas, M\u00e1rcio Pochmann, falou sobre a realidade da juventude no mercado do trabalho e a rela\u00e7\u00e3o do trabalho com a vida. De acordo com o pesquisador, \u201co trabalho continua sendo um organismo central\u201d na vida de qualquer pessoa.<\/p>\n<p style=\"text-align: justify\">A professora de p\u00f3s-gradua\u00e7\u00e3o em antropologia da Universidade Federal do Rio de Janeiro (UFRJ), Regina Novaes, tratou das pol\u00edticas p\u00fablicas voltadas \u00e0 juventude no Brasil e destacou as conquistas e controv\u00e9rsias. Segundo a estudiosa, s\u00e3o necess\u00e1rias pol\u00edticas de inclus\u00e3o, que respeitem as diversidades e assegurem os direitos de cada pessoa.<\/p>\n<p style=\"text-align: justify\">O 27\u00ba Curso de Ver\u00e3o \u00e9 transmitido ao vivo pelo internet: <a href=\"http:\/\/www.ceseep.org.br\/cverao\" target=\"_blank\" rel=\"noopener noreferrer\">www.ceseep.org.br\/cverao.<\/a><\/p>\n","protected":false},"excerpt":{"rendered":"<p>Debates sobre Pol\u00edticas P\u00fablicas de Juventude e seus desafios, como a inclus\u00e3o social e a diversidade e direitos s\u00e3o reflex\u00f5es propostas aos cursistas do 27\u00ba Curso de Ver\u00e3o promovido pelo Centro Ecum\u00eanico de Servi\u00e7os \u00e0 Evangeliza\u00e7\u00e3o e Educa\u00e7\u00e3o Popular (Ceseep). O evento teve in\u00edcio no s\u00e1bado, 4, e prossegue at\u00e9 12 de janeiro, na Pontif\u00edcia &hellip;<\/p>\n<p class=\"read-more\"> <a class=\"\" href=\"https:\/\/www.cnbb.org.br\/diversidade-e-inclusao-sao-temas-do-quarto-dia-do-curso-de-verao\/\"> <span class=\"screen-reader-text\">Diversidade e inclus\u00e3o s\u00e3o temas do quarto dia do Curso de Ver\u00e3o<\/span> Leia mais &raquo;<\/a><\/p>\n","protected":false},"author":83,"featured_media":17702,"comment_status":"open","ping_status":"open","sticky":false,"template":"","format":"standard","meta":{"site-sidebar-layout":"default","site-content-layout":"default","ast-global-header-display":"","ast-banner-title-visibility":"","ast-main-header-display":"","ast-hfb-above-header-display":"","ast-hfb-below-header-display":"","ast-hfb-mobile-header-display":"","site-post-title":"","ast-breadcrumbs-content":"","ast-featured-img":"","footer-sml-layout":"","theme-transparent-header-meta":"","adv-header-id-meta":"","stick-header-meta":"","header-above-stick-meta":"","header-main-stick-meta":"","header-below-stick-meta":""},"categories":[841],"tags":[],"acf":[],"_links":{"self":[{"href":"https:\/\/www.cnbb.org.br\/cnbb-app\/wp\/v2\/posts\/17701"}],"collection":[{"href":"https:\/\/www.cnbb.org.br\/cnbb-app\/wp\/v2\/posts"}],"about":[{"href":"https:\/\/www.cnbb.org.br\/cnbb-app\/wp\/v2\/types\/post"}],"author":[{"embeddable":true,"href":"https:\/\/www.cnbb.org.br\/cnbb-app\/wp\/v2\/users\/83"}],"replies":[{"embeddable":true,"href":"https:\/\/www.cnbb.org.br\/cnbb-app\/wp\/v2\/comments?post=17701"}],"version-history":[{"count":0,"href":"https:\/\/www.cnbb.org.br\/cnbb-app\/wp\/v2\/posts\/17701\/revisions"}],"wp:featuredmedia":[{"embeddable":true,"href":"https:\/\/www.cnbb.org.br\/cnbb-app\/wp\/v2\/media\/17702"}],"wp:attachment":[{"href":"https:\/\/www.cnbb.org.br\/cnbb-app\/wp\/v2\/media?parent=17701"}],"wp:term":[{"taxonomy":"category","embeddable":true,"href":"https:\/\/www.cnbb.org.br\/cnbb-app\/wp\/v2\/categories?post=17701"},{"taxonomy":"post_tag","embeddable":true,"href":"https:\/\/www.cnbb.org.br\/cnbb-app\/wp\/v2\/tags?post=17701"}],"curies":[{"name":"wp","href":"https:\/\/api.w.org\/{rel}","templated":true}]}}