{"id":17705,"date":"2014-01-24T00:00:00","date_gmt":"2014-01-24T02:00:00","guid":{"rendered":"https:\/\/www.cnbb.org.br\/frei-evaldo-xavier-e-eleito-prior-provincial\/"},"modified":"2014-01-24T00:00:00","modified_gmt":"2014-01-24T02:00:00","slug":"frei-evaldo-xavier-e-eleito-prior-provincial","status":"publish","type":"post","link":"https:\/\/www.cnbb.org.br\/frei-evaldo-xavier-e-eleito-prior-provincial\/","title":{"rendered":"Frei Evaldo Xavier \u00e9 eleito prior provincial"},"content":{"rendered":"<p style=\"text-align: justify\">O assessor can\u00f4nico e jur\u00eddico da CNBB, frei Evaldo Xavier, foi eleito prior provincial da Prov\u00edncia Carmelitana de Santo Elias. A elei\u00e7\u00e3o ocorreu durante o cap\u00edtulo provincial, no dia 22 de janeiro, em Belo Horizonte (MG).<\/p>\n<p>  <!--more-->  <\/p>\n<p>\u00a0<\/p>\n<p style=\"text-align: justify\">Atualmente, frei Evaldo tamb\u00e9m \u00e9 p\u00e1roco da par\u00f3quia Nossa Senhora do Carmo, em Belo Horizonte (MG), e ser\u00e1 prior provincial de 2014 a 2017.<\/p>\n<p style=\"text-align: justify\">O governo da prov\u00edncia \u00e9 composto pelos freis: Alexandre Cortez, Adailson Quintino, Paulo Goulart e Eduardo Ferreira.<\/p>\n<div style=\"text-align: justify\">\u00a0<\/div>\n","protected":false},"excerpt":{"rendered":"<p>O assessor can\u00f4nico e jur\u00eddico da CNBB, frei Evaldo Xavier, foi eleito prior provincial da Prov\u00edncia Carmelitana de Santo Elias. A elei\u00e7\u00e3o ocorreu durante o cap\u00edtulo provincial, no dia 22 de janeiro, em Belo Horizonte (MG).<\/p>\n","protected":false},"author":83,"featured_media":17706,"comment_status":"open","ping_status":"open","sticky":false,"template":"","format":"standard","meta":{"site-sidebar-layout":"default","site-content-layout":"default","ast-global-header-display":"","ast-banner-title-visibility":"","ast-main-header-display":"","ast-hfb-above-header-display":"","ast-hfb-below-header-display":"","ast-hfb-mobile-header-display":"","site-post-title":"","ast-breadcrumbs-content":"","ast-featured-img":"","footer-sml-layout":"","theme-transparent-header-meta":"","adv-header-id-meta":"","stick-header-meta":"","header-above-stick-meta":"","header-main-stick-meta":"","header-below-stick-meta":""},"categories":[841],"tags":[],"acf":[],"_links":{"self":[{"href":"https:\/\/www.cnbb.org.br\/cnbb-app\/wp\/v2\/posts\/17705"}],"collection":[{"href":"https:\/\/www.cnbb.org.br\/cnbb-app\/wp\/v2\/posts"}],"about":[{"href":"https:\/\/www.cnbb.org.br\/cnbb-app\/wp\/v2\/types\/post"}],"author":[{"embeddable":true,"href":"https:\/\/www.cnbb.org.br\/cnbb-app\/wp\/v2\/users\/83"}],"replies":[{"embeddable":true,"href":"https:\/\/www.cnbb.org.br\/cnbb-app\/wp\/v2\/comments?post=17705"}],"version-history":[{"count":0,"href":"https:\/\/www.cnbb.org.br\/cnbb-app\/wp\/v2\/posts\/17705\/revisions"}],"wp:featuredmedia":[{"embeddable":true,"href":"https:\/\/www.cnbb.org.br\/cnbb-app\/wp\/v2\/media\/17706"}],"wp:attachment":[{"href":"https:\/\/www.cnbb.org.br\/cnbb-app\/wp\/v2\/media?parent=17705"}],"wp:term":[{"taxonomy":"category","embeddable":true,"href":"https:\/\/www.cnbb.org.br\/cnbb-app\/wp\/v2\/categories?post=17705"},{"taxonomy":"post_tag","embeddable":true,"href":"https:\/\/www.cnbb.org.br\/cnbb-app\/wp\/v2\/tags?post=17705"}],"curies":[{"name":"wp","href":"https:\/\/api.w.org\/{rel}","templated":true}]}}