{"id":17707,"date":"2014-02-22T00:00:00","date_gmt":"2014-02-22T03:00:00","guid":{"rendered":"https:\/\/www.cnbb.org.br\/dom-orani-tempesta-e-criado-cardeal\/"},"modified":"2014-02-22T00:00:00","modified_gmt":"2014-02-22T03:00:00","slug":"dom-orani-tempesta-e-criado-cardeal","status":"publish","type":"post","link":"https:\/\/www.cnbb.org.br\/dom-orani-tempesta-e-criado-cardeal\/","title":{"rendered":"Dom Orani Tempesta \u00e9 criado cardeal"},"content":{"rendered":"<p style=\"text-align: justify\">O papa Francisco presidiu hoje, 22,\u00a0solenidade do Consist\u00f3rio para a cria\u00e7\u00e3o de 19 cardeais, sendo 16 deles eleitores. Na ocasi\u00e3o, celebrada na Bas\u00edlica de S\u00e3o Pedro, esteve o papa em\u00e9rito Bento XVI. Entre os novos cardeais est\u00e1 o brasileiro dom Orani Jo\u00e3o Tempesta, arcebispo do Rio de Janeiro, ao qual foi atribu\u00eddo o t\u00edtulo da igreja de Santa Maria M\u00e3e da Provid\u00eancia.<\/p>\n<p>  <!--more-->  <\/p>\n<p style=\"text-align: justify\"><span style=\"line-height: 1.3em\">Com a presen\u00e7a de mais de 150 cardeais, o papa refletiu a passagem do Evangelho de Marcos (Mc 10, 32-45) destacando em sua homilia a palavra \u201ccaminhar\u201d, citando o percurso de Jesus e seus ensinamentos aos disc\u00edpulos ao longo do caminho. \u201cJesus n\u00e3o veio para ensinar uma filosofia, uma ideologia&#8230; mas um \u2018caminho\u2019, uma estrada que se deve percorrer com Ele; e aprende-se a estrada, percorrendo-a, caminhando\u201d.<\/span><\/p>\n<p style=\"text-align: justify\">Em suas palavras, o papa destacou o chamado aos novos cardeais. \u201cIrm\u00e3os, deixemos que o Senhor Jesus nos chame para junto de Si! Deixemo-nos \u2018convocar\u2019 por Ele. E ou\u00e7amo-Lo, com a alegria de acolhermos juntos a sua Palavra, de nos deixarmos instruir por ela e pelo Esp\u00edrito Santo para, ao redor de Jesus, nos tornarmos cada vez mais um s\u00f3 cora\u00e7\u00e3o e uma s\u00f3 alma\u201d, disse.<\/p>\n<p style=\"text-align: justify\">Ao final da homilia, Francisco citou as necessidades da Igreja, que precisa da colabora\u00e7\u00e3o, da comunh\u00e3o, da coragem e da compaix\u00e3o dos cardeais, principalmente em rela\u00e7\u00e3o \u00e0s comunidades eclesiais e a todos os Crist\u00e3os que sofrem persegui\u00e7\u00f5es. A Igreja precisa do clero romano como homens de paz, por meio de obras, desejos e ora\u00e7\u00f5es, afirmou o papa que concluiu invocando a paz e a reconcilia\u00e7\u00e3o para os povos \u201cque, nestes tempos, vivem provados pela viol\u00eancia e a guerra\u201d.<\/p>\n<p style=\"text-align: justify\"><img decoding=\"async\" loading=\"lazy\" class=\" alignright size-full wp-image-21499\" src=\"https:\/\/www.cnbb.org.br\/wp-content\/uploads\/2020\/03\/0102_Dom-Orani.jpg\" border=\"0\" width=\"289\" height=\"163\" style=\"float: right\" \/>Ap\u00f3s um momento de sil\u00eancio, foram feitas a leitura da f\u00f3rmula de cria\u00e7\u00e3o e a proclama\u00e7\u00e3o solene dos nomes dos novos cardeais que, depois desse momento, fizeram a Profiss\u00e3o de F\u00e9 e o juramento de fidelidade e obedi\u00eancia a Francisco e seus sucessores. Ao ajoelharem-se diante do papa, receberam, individualmente, o solid\u00e9u; o anel, para refor\u00e7o do amor pela Igreja; o barrete cardinal\u00edcio, \u201ccomo sinal da dignidade do cardinalato\u201d; e a atribui\u00e7\u00e3o de uma Igreja de Roma, como s\u00edmbolo da \u201cparticipa\u00e7\u00e3o na solicitude pastoral do Papa\u201d. O momento \u00e9 selado com o abra\u00e7o da paz.<\/p>\n<p style=\"text-align: justify\">\u00c0 tarde, entre 16h30 e 18h30, os novos cardeais receber\u00e3o, na Sala Paulo VI e em diversas salas do Pal\u00e1cio Apost\u00f3lico, as visitas de cortesia. Segundo informa\u00e7\u00f5es do Servi\u00e7o de Not\u00edcias do Vaticano, o arcebispo do Rio de Janeiro, dom Orani Jo\u00e3oTempesta, estar\u00e1 na sala Paulo VI. Amanh\u00e3, \u00e0s 10h, na Bas\u00edlica Vaticana, o papa presidir\u00e1 a celebra\u00e7\u00e3o eucar\u00edstica com os novos cardeais.<\/p>\n<p style=\"text-align: justify\"><strong>Col\u00e9gio cardinal\u00edcio<\/strong><\/p>\n<p style=\"text-align: justify\">A Igreja conta hoje com 218 cardeais vindos de 68 pa\u00edses. No Brasil, s\u00e3o 10 cardeais, sendo cinco eleitores: o presidente da Confer\u00eancia Nacional dos Bispos do Brasil e arcebispo de Aparecida (SP), cardeal Raymundo Damasceno Assis; o arcebispo em\u00e9rito de S\u00e3o Paulo, cardeal Cl\u00e1udio Hummes; o prefeito da Congrega\u00e7\u00e3o para os Institutos de Vida Consagrada e arcebispo em\u00e9rito de Bras\u00edlia, cardeal Jo\u00e3o Braz de Aviz; o arcebispo de S\u00e3o Paulo, cardeal Odilo Pedro Scherer; e o arcebispo do Rio de Janeiro, cardeal Orani Jo\u00e3o Tempesta. Os cardeais com mais de 80 anos s\u00e3o: o arcebispo em\u00e9rito de S\u00e3o Paulo, cardeal Paulo Evaristo Arns; o arcebispo em\u00e9rito de Belo Horizonte, cardeal Serafim Fernandes de Ara\u00fajo; o arcebispo em\u00e9rito de Bras\u00edlia, cardeal Jos\u00e9 Freire Falc\u00e3o; o arcebispo em\u00e9rito do Rio de Janeiro, cardeal Eus\u00e9bio Oscar Scheid; e o arcebispo em\u00e9rito de Salvador, cardeal Geraldo Majella Agnelo.<\/p>\n","protected":false},"excerpt":{"rendered":"<p>O papa Francisco presidiu hoje, 22,\u00a0solenidade do Consist\u00f3rio para a cria\u00e7\u00e3o de 19 cardeais, sendo 16 deles eleitores. Na ocasi\u00e3o, celebrada na Bas\u00edlica de S\u00e3o Pedro, esteve o papa em\u00e9rito Bento XVI. Entre os novos cardeais est\u00e1 o brasileiro dom Orani Jo\u00e3o Tempesta, arcebispo do Rio de Janeiro, ao qual foi atribu\u00eddo o t\u00edtulo da &hellip;<\/p>\n<p class=\"read-more\"> <a class=\"\" href=\"https:\/\/www.cnbb.org.br\/dom-orani-tempesta-e-criado-cardeal\/\"> <span class=\"screen-reader-text\">Dom Orani Tempesta \u00e9 criado cardeal<\/span> Leia mais &raquo;<\/a><\/p>\n","protected":false},"author":83,"featured_media":17708,"comment_status":"open","ping_status":"open","sticky":false,"template":"","format":"standard","meta":{"site-sidebar-layout":"default","site-content-layout":"default","ast-global-header-display":"","ast-banner-title-visibility":"","ast-main-header-display":"","ast-hfb-above-header-display":"","ast-hfb-below-header-display":"","ast-hfb-mobile-header-display":"","site-post-title":"","ast-breadcrumbs-content":"","ast-featured-img":"","footer-sml-layout":"","theme-transparent-header-meta":"","adv-header-id-meta":"","stick-header-meta":"","header-above-stick-meta":"","header-main-stick-meta":"","header-below-stick-meta":""},"categories":[841],"tags":[],"acf":[],"_links":{"self":[{"href":"https:\/\/www.cnbb.org.br\/cnbb-app\/wp\/v2\/posts\/17707"}],"collection":[{"href":"https:\/\/www.cnbb.org.br\/cnbb-app\/wp\/v2\/posts"}],"about":[{"href":"https:\/\/www.cnbb.org.br\/cnbb-app\/wp\/v2\/types\/post"}],"author":[{"embeddable":true,"href":"https:\/\/www.cnbb.org.br\/cnbb-app\/wp\/v2\/users\/83"}],"replies":[{"embeddable":true,"href":"https:\/\/www.cnbb.org.br\/cnbb-app\/wp\/v2\/comments?post=17707"}],"version-history":[{"count":0,"href":"https:\/\/www.cnbb.org.br\/cnbb-app\/wp\/v2\/posts\/17707\/revisions"}],"wp:featuredmedia":[{"embeddable":true,"href":"https:\/\/www.cnbb.org.br\/cnbb-app\/wp\/v2\/media\/17708"}],"wp:attachment":[{"href":"https:\/\/www.cnbb.org.br\/cnbb-app\/wp\/v2\/media?parent=17707"}],"wp:term":[{"taxonomy":"category","embeddable":true,"href":"https:\/\/www.cnbb.org.br\/cnbb-app\/wp\/v2\/categories?post=17707"},{"taxonomy":"post_tag","embeddable":true,"href":"https:\/\/www.cnbb.org.br\/cnbb-app\/wp\/v2\/tags?post=17707"}],"curies":[{"name":"wp","href":"https:\/\/api.w.org\/{rel}","templated":true}]}}