{"id":17722,"date":"2014-04-11T00:00:00","date_gmt":"2014-04-11T03:00:00","guid":{"rendered":"https:\/\/www.cnbb.org.br\/ecos-sobre-a-declaracao-da-cnbb-por-tempos-novos\/"},"modified":"2014-04-11T00:00:00","modified_gmt":"2014-04-11T03:00:00","slug":"ecos-sobre-a-declaracao-da-cnbb-por-tempos-novos","status":"publish","type":"post","link":"https:\/\/www.cnbb.org.br\/ecos-sobre-a-declaracao-da-cnbb-por-tempos-novos\/","title":{"rendered":"Ecos sobre a Declara\u00e7\u00e3o da CNBB &#8220;Por Tempos Novos&#8221;"},"content":{"rendered":"<p style=\"text-align: right\"><strong>Dom Roberto Francisco Ferreria paz<\/strong><br \/><strong>Bispo de Campos (RJ)<\/strong><\/p>\n<p style=\"text-align: justify\"><span style=\"line-height: 1.3em\">O Conselho Episcopal de Pastoral (CONSEP) elaborou uma Declara\u00e7\u00e3o denominada: Por Tempos Novos com Liberdade e Democracia, publicada no 01 de abril. Se faz o balan\u00e7o hist\u00f3rico do golpe c\u00edvico-militar de 1964, e tenta responder a tr\u00eas objetivos: perceber o erro hist\u00f3rico do golpe, admitir que nem tudo foi devidamente reparado e a alertar as gera\u00e7\u00f5es p\u00f3s-ditadura a que se mantenham atuantes na defesa do Estado Democr\u00e1tico de Direito. Quanto ao erro hist\u00f3rico na aprecia\u00e7\u00e3o desse trauma e grave ruptura da ordem constitucional de 31 de mar\u00e7o de 1964, podemos considerar que apesar da radicaliza\u00e7\u00e3o (provocada em parte pelo mesmo Congresso), da falta de pulso do presidente, da presen\u00e7a de agentes como o Cabo Anselmo financiados para provocar a desestabiliza\u00e7\u00e3o da hierarquia militar, o projeto das reformas de base e da mobiliza\u00e7\u00e3o popular ensejavam a um desenvolvimento aut\u00f4nomo, na perspectiva da Confer\u00eancia de Bandung de 1955 (pa\u00edses n\u00e3o alinhados) e trazer justi\u00e7a para o ambiente rural promovendo a reforma agr\u00e1ria e a industrializa\u00e7\u00e3o. A bandeira do anticomunismo foi desfraldada para reagir contra a lei de remessa de lucros, e a perigosa independ\u00eancia vista pelo Norte na pol\u00edtica externa do governo Goulart. Em rela\u00e7\u00e3o a falta e insufici\u00eancia na repara\u00e7\u00e3o as vitimas do processo e seus familiares, devemos esclarecer que embora a lei de amnistia seja um marco conciliat\u00f3rio significativo, \u00e9 necess\u00e1ria a verdade a respeito dos desaparecimentos e a puni\u00e7\u00e3o do crime de tortura que \u00e9 hediondo, contra a humanidade e imprescrit\u00edvel, como proclama a Corte de Justi\u00e7a da OEA.<\/span><\/p>\n<p>  <!--more-->  <\/p>\n<p style=\"text-align: justify\">\u00a0<\/p>\n<p style=\"text-align: justify\"><span style=\"line-height: 1.3em\">O alertar as futuras gera\u00e7\u00f5es, que n\u00e3o conheceram os famigerados anos de chumbo, e anim\u00e1-las a guardarem e preservarem o Estado Democr\u00e1tico de Direito aprofundando a participa\u00e7\u00e3o e a cidadania, \u00e9 de veras um desafio para todos\/as os brasileiros que sonham com uma P\u00e1tria justa fraterna e solid\u00e1ria, que promova a vida e a dignidade do ser humano.<\/span><\/p>\n<p style=\"text-align: justify\"><span style=\"line-height: 1.3em\">A Declara\u00e7\u00e3o como vemos \u00e9 oportuna e ponderada, devendo ser colocada no processo de cura e purifica\u00e7\u00e3o da nossa mem\u00f3ria, de reconcilia\u00e7\u00e3o e de busca de uma paz justa e digna para com todos os que protagonizaram estes acontecimentos. Deus seja louvado!<\/span><\/p>\n","protected":false},"excerpt":{"rendered":"<p>Dom Roberto Francisco Ferreria pazBispo de Campos (RJ) O Conselho Episcopal de Pastoral (CONSEP) elaborou uma Declara\u00e7\u00e3o denominada: Por Tempos Novos com Liberdade e Democracia, publicada no 01 de abril. Se faz o balan\u00e7o hist\u00f3rico do golpe c\u00edvico-militar de 1964, e tenta responder a tr\u00eas objetivos: perceber o erro hist\u00f3rico do golpe, admitir que nem &hellip;<\/p>\n<p class=\"read-more\"> <a class=\"\" href=\"https:\/\/www.cnbb.org.br\/ecos-sobre-a-declaracao-da-cnbb-por-tempos-novos\/\"> <span class=\"screen-reader-text\">Ecos sobre a Declara\u00e7\u00e3o da CNBB &#8220;Por Tempos Novos&#8221;<\/span> Leia mais &raquo;<\/a><\/p>\n","protected":false},"author":83,"featured_media":0,"comment_status":"open","ping_status":"open","sticky":false,"template":"","format":"standard","meta":{"site-sidebar-layout":"default","site-content-layout":"default","ast-global-header-display":"","ast-banner-title-visibility":"","ast-main-header-display":"","ast-hfb-above-header-display":"","ast-hfb-below-header-display":"","ast-hfb-mobile-header-display":"","site-post-title":"","ast-breadcrumbs-content":"","ast-featured-img":"","footer-sml-layout":"","theme-transparent-header-meta":"","adv-header-id-meta":"","stick-header-meta":"","header-above-stick-meta":"","header-main-stick-meta":"","header-below-stick-meta":""},"categories":[841],"tags":[],"acf":[],"_links":{"self":[{"href":"https:\/\/www.cnbb.org.br\/cnbb-app\/wp\/v2\/posts\/17722"}],"collection":[{"href":"https:\/\/www.cnbb.org.br\/cnbb-app\/wp\/v2\/posts"}],"about":[{"href":"https:\/\/www.cnbb.org.br\/cnbb-app\/wp\/v2\/types\/post"}],"author":[{"embeddable":true,"href":"https:\/\/www.cnbb.org.br\/cnbb-app\/wp\/v2\/users\/83"}],"replies":[{"embeddable":true,"href":"https:\/\/www.cnbb.org.br\/cnbb-app\/wp\/v2\/comments?post=17722"}],"version-history":[{"count":0,"href":"https:\/\/www.cnbb.org.br\/cnbb-app\/wp\/v2\/posts\/17722\/revisions"}],"wp:attachment":[{"href":"https:\/\/www.cnbb.org.br\/cnbb-app\/wp\/v2\/media?parent=17722"}],"wp:term":[{"taxonomy":"category","embeddable":true,"href":"https:\/\/www.cnbb.org.br\/cnbb-app\/wp\/v2\/categories?post=17722"},{"taxonomy":"post_tag","embeddable":true,"href":"https:\/\/www.cnbb.org.br\/cnbb-app\/wp\/v2\/tags?post=17722"}],"curies":[{"name":"wp","href":"https:\/\/api.w.org\/{rel}","templated":true}]}}