{"id":17723,"date":"2014-04-25T00:00:00","date_gmt":"2014-04-25T03:00:00","guid":{"rendered":"https:\/\/www.cnbb.org.br\/bispos-da-cnbb-celebram-sao-jose-de-anchieta-em-roma\/"},"modified":"2014-04-25T00:00:00","modified_gmt":"2014-04-25T03:00:00","slug":"bispos-da-cnbb-celebram-sao-jose-de-anchieta-em-roma","status":"publish","type":"post","link":"https:\/\/www.cnbb.org.br\/bispos-da-cnbb-celebram-sao-jose-de-anchieta-em-roma\/","title":{"rendered":"Bispos da CNBB celebram S\u00e3o Jos\u00e9 de Anchieta, em Roma"},"content":{"rendered":"<p style=\"text-align: justify\">Cardeais e bispos brasileiros participaram de uma missa de a\u00e7\u00e3o de gra\u00e7as pela canoniza\u00e7\u00e3o do padre Jos\u00e9 de Anchieta. A cerim\u00f4nia foi presidida pelo papa Francisco, na quinta-feira, 24, na igreja Santo In\u00e1cio de Loyola, em Roma, e concelebrada pelo arcebispo de Aparecida e presidente da CNBB, cardeal Raymundo Damasceno Assis, e pelo arcebispo de S\u00e3o Paulo, cardeal Odilo Pedro Scherer. A assinatura do decreto da santidade do Ap\u00f3stolo do Brasil ocorreu no dia 3 de abril.<\/p>\n<p>  <!--more-->  <\/p>\n<p style=\"text-align: justify\">\u00a0<span style=\"line-height: 1.3em\">F\u00e9is do Brasil, peregrinos, autoridades civis e religiosas compareceram \u00e0 celebra\u00e7\u00e3o para homenagear S\u00e3o Jos\u00e9 de Anchieta. Membros da CNBB tamb\u00e9m marcaram presen\u00e7a como o arcebispo em\u00e9rito de S\u00e3o Paulo, cardeal dom Cl\u00e1udio Hummes, o arcebispo de Salvador e primaz do Brasil, dom Murilo Krieger, o bispo de Limeira, dom Vilson de Oliveira. O prefeito da Congrega\u00e7\u00e3o para os Institutos de Vida Consagrada e as Sociedades de Vida Apost\u00f3lica, cardeal\u00a0<span>dom Jo\u00e3o Braz de Aviz,\u00a0<\/span>\u00a0estava entre os membros da C\u00faria Romana.<\/span><\/p>\n<p style=\"text-align: justify\"><strong>Agradecimento<\/strong><br \/>Ao final da cerim\u00f4nia, o presidente da CNBB, cardeal Raymundo Damasceno, agradeceu ao papa Francisco por decretar santo o mission\u00e1rio brasileiro, padre Anchieta. Na mensagem, o cardeal recordou a trajet\u00f3ria do santo que dedicou-se \u00e0 catequese e viveu a pobreza e a simplicidade.\u00a0<\/p>\n<p style=\"text-align: justify\"><strong style=\"line-height: 1.3em\">Abaixo, a \u00edntegra do discurso:<\/strong><\/p>\n<p style=\"text-align: justify\">&#8220;Santidade, A Igreja no Brasil e o povo brasileiro agradecem a Deus por lhes permitir realizar um sonho que durou mais de 400 anos: ver o Ap\u00f3stolo do Brasil apresentado \u00e0 Igreja Universal como testemunha de Jesus Cristo.<\/p>\n<p style=\"text-align: justify\">Estou certo, Santo Padre, de trazer \u00e0 sua presen\u00e7a centenas de jesu\u00edtas que, ao longo de muitos anos, trabalharam para este momento. N\u00e3o s\u00f3 dou voz aos filhos de Santo In\u00e1cio, mas tamb\u00e9m a milhares de fi\u00e9is leigos envolvidos pela santidade e carisma do Padre Anchieta. Eles deram o melhor de si para que esta celebra\u00e7\u00e3o acontecesse. Assim, em nome de todos eles, vivos ou j\u00e1 na vis\u00e3o beat\u00edfica, quero, do fundo do cora\u00e7\u00e3o, dizer-lhe: muito obrigado, Santidade! Jos\u00e9 de Anchieta chegou jovem ao Brasil, com 19 anos de idade, pouco depois de ter emitido os votos religiosos de pobreza, castidade e obedi\u00eancia. Com um cora\u00e7\u00e3o juvenil, amou, desde o primeiro contato, o povo brasileiro. A ele, dedicou sua grande intelig\u00eancia, cultura e erudi\u00e7\u00e3o, a capacidade de amar e de sofrer por amor. A ele, consagrou suas qualidades humanas, a capacidade de lutar, de ser aguerrido e a sua espiritualidade.<\/p>\n<p style=\"text-align: justify\"><img decoding=\"async\" loading=\"lazy\" class=\" alignright size-full wp-image-22068\" src=\"https:\/\/www.cnbb.org.br\/wp-content\/uploads\/2020\/03\/domdamascenoroma.jpg\" border=\"0\" width=\"400\" height=\"243\" style=\"float: right\" \/>Como um S\u00e3o Francisco do Novo Mundo, revelando not\u00e1vel capacidade de observa\u00e7\u00e3o da natureza, escreveu a chamada Carta de S\u00e3o Vicente. Nela, com grande erudi\u00e7\u00e3o, e de modo muito completo e preciso, fez a primeira descri\u00e7\u00e3o detalhada da Mata Atl\u00e2ntica, importante bioma brasileiro. Anchieta, tamb\u00e9m como o santo de Assis, viveu a pobreza e a simplicidade. Em carta, descreveu como as vivia com os ind\u00edgenas, chegando ao ponto de relatar que, como toalha de mesa, usavam folha de bananeira, para, em seguida, completar que dela n\u00e3o tinham necessidade, pois qual a raz\u00e3o da toalha se lhes faltava a comida? Como o pobrezinho de Assis, no esp\u00edrito da perfeita alegria, asseverou que estavam t\u00e3o felizes naquela situa\u00e7\u00e3o \u2013 ele e os demais jesu\u00edtas \u2013, que, ao pensarem no tipo de vida levada nos col\u00e9gios da Europa, nenhum tipo de saudade lhes vinha ao cora\u00e7\u00e3o.<\/p>\n<p style=\"text-align: justify\">Santo Padre, contemplando no Padre Anchieta a simplicidade de vida, o servi\u00e7o prestado aos marginalizados, o seu modo de vida, encontramos o Senhor da Vida. Nosso Ap\u00f3stolo se fez santo servindo aos ind\u00edgenas, aos negros e a todos os pequenos do Brasil. Queremos seguir seus passos. Ele foi o nosso grande e incans\u00e1vel evangelizador. Seu exemplo motiva-nos a irmos destemidamente ao encontro de Jesus Cristo e dos irm\u00e3os. O Padre Anchieta deixou-nos tamb\u00e9m o exemplo do grande amor que dedicava a Nossa Senhora, a quem sempre pedia socorro.<\/p>\n<p style=\"text-align: justify\">Ela foi sua for\u00e7a e apoio nos momentos cruciais de sua vida: no ambiente conturbado de Coimbra, quando percebeu que sua vida crist\u00e3 poderia arruinar-se, ou na Aldeia de Iperoig, na costa brasileira, onde, sem nenhum apoio vis\u00edvel &#8211; a n\u00e3o ser a ora\u00e7\u00e3o -, por v\u00e1rios meses permaneceu ref\u00e9m dos \u00edndios tamoios. Nesse tr\u00e1gico momento, mais uma vez recorreu a Maria e, certo de sua ajuda, come\u00e7ou a escrever o Poema da Bem-Aventurada Virgem Maria, M\u00e3e de Deus, express\u00e3o de sua extraordin\u00e1ria devo\u00e7\u00e3o e amor \u00e0 Sant\u00edssima Virgem.<\/p>\n<p style=\"text-align: justify\">Santo Padre, muito obrigado por nos permitir partilhar com os crist\u00e3os do mundo todo o belo testemunho que foi a vida de S\u00e3o Jos\u00e9 de Anchieta, o Ap\u00f3stolo do Brasil&#8221;.<\/p>\n<p style=\"text-align: center\">Cardeal Raymundo Damasceno Assis<\/p>\n<p style=\"text-align: center\">Arcebispo de Aparecida (SP) e presidente da CNBB<\/p>\n","protected":false},"excerpt":{"rendered":"<p>Cardeais e bispos brasileiros participaram de uma missa de a\u00e7\u00e3o de gra\u00e7as pela canoniza\u00e7\u00e3o do padre Jos\u00e9 de Anchieta. A cerim\u00f4nia foi presidida pelo papa Francisco, na quinta-feira, 24, na igreja Santo In\u00e1cio de Loyola, em Roma, e concelebrada pelo arcebispo de Aparecida e presidente da CNBB, cardeal Raymundo Damasceno Assis, e pelo arcebispo de &hellip;<\/p>\n<p class=\"read-more\"> <a class=\"\" href=\"https:\/\/www.cnbb.org.br\/bispos-da-cnbb-celebram-sao-jose-de-anchieta-em-roma\/\"> <span class=\"screen-reader-text\">Bispos da CNBB celebram S\u00e3o Jos\u00e9 de Anchieta, em Roma<\/span> Leia mais &raquo;<\/a><\/p>\n","protected":false},"author":83,"featured_media":17724,"comment_status":"open","ping_status":"open","sticky":false,"template":"","format":"standard","meta":{"site-sidebar-layout":"default","site-content-layout":"default","ast-global-header-display":"","ast-banner-title-visibility":"","ast-main-header-display":"","ast-hfb-above-header-display":"","ast-hfb-below-header-display":"","ast-hfb-mobile-header-display":"","site-post-title":"","ast-breadcrumbs-content":"","ast-featured-img":"","footer-sml-layout":"","theme-transparent-header-meta":"","adv-header-id-meta":"","stick-header-meta":"","header-above-stick-meta":"","header-main-stick-meta":"","header-below-stick-meta":""},"categories":[841],"tags":[],"acf":[],"_links":{"self":[{"href":"https:\/\/www.cnbb.org.br\/cnbb-app\/wp\/v2\/posts\/17723"}],"collection":[{"href":"https:\/\/www.cnbb.org.br\/cnbb-app\/wp\/v2\/posts"}],"about":[{"href":"https:\/\/www.cnbb.org.br\/cnbb-app\/wp\/v2\/types\/post"}],"author":[{"embeddable":true,"href":"https:\/\/www.cnbb.org.br\/cnbb-app\/wp\/v2\/users\/83"}],"replies":[{"embeddable":true,"href":"https:\/\/www.cnbb.org.br\/cnbb-app\/wp\/v2\/comments?post=17723"}],"version-history":[{"count":0,"href":"https:\/\/www.cnbb.org.br\/cnbb-app\/wp\/v2\/posts\/17723\/revisions"}],"wp:featuredmedia":[{"embeddable":true,"href":"https:\/\/www.cnbb.org.br\/cnbb-app\/wp\/v2\/media\/17724"}],"wp:attachment":[{"href":"https:\/\/www.cnbb.org.br\/cnbb-app\/wp\/v2\/media?parent=17723"}],"wp:term":[{"taxonomy":"category","embeddable":true,"href":"https:\/\/www.cnbb.org.br\/cnbb-app\/wp\/v2\/categories?post=17723"},{"taxonomy":"post_tag","embeddable":true,"href":"https:\/\/www.cnbb.org.br\/cnbb-app\/wp\/v2\/tags?post=17723"}],"curies":[{"name":"wp","href":"https:\/\/api.w.org\/{rel}","templated":true}]}}