{"id":17732,"date":"2014-05-08T00:00:00","date_gmt":"2014-05-08T03:00:00","guid":{"rendered":"https:\/\/www.cnbb.org.br\/missa-recorda-publicacao-da-constituicao-dogmatica-dei-verbum\/"},"modified":"2014-05-08T00:00:00","modified_gmt":"2014-05-08T03:00:00","slug":"missa-recorda-publicacao-da-constituicao-dogmatica-dei-verbum","status":"publish","type":"post","link":"https:\/\/www.cnbb.org.br\/missa-recorda-publicacao-da-constituicao-dogmatica-dei-verbum\/","title":{"rendered":"Missa recorda publica\u00e7\u00e3o da Constitui\u00e7\u00e3o Dogm\u00e1tica Dei Verbum"},"content":{"rendered":"<p style=\"text-align: justify\"><span style=\"line-height: 1.3em\">Na manh\u00e3 desta quinta-feira, 8 de maio, pen\u00faltimo dia de atividades da 52\u00aa Assembleia Geral da CNBB, os bispos participaram da missa no Santu\u00e1rio Nacional. Hoje, a celebra\u00e7\u00e3o teve como inten\u00e7\u00e3o especial a a\u00e7\u00e3o de gra\u00e7as pela publica\u00e7\u00e3o da Constitui\u00e7\u00e3o Dogm\u00e1tica \u201cDei Verbum\u201d sobre a Palavra de Deus, aprovada na quarta sess\u00e3o do Conc\u00edlio Vaticano II, em 1965.<\/span><\/p>\n<p>  <!--more-->  <\/p>\n<p style=\"text-align: justify\">\u00a0<span style=\"line-height: 1.3em\">A celebra\u00e7\u00e3o contou com a presen\u00e7a dos bispos referenciais de catequese nos regionais da CNBB e foi presidida pelo arcebispo de Pelotas (RS) e presidente da Comiss\u00e3o Episcopal Pastoral para a Dimens\u00e3o B\u00edblico Catequ\u00e9tica, dom Jacinto Bergmann. O livro da Palavra de Deus foi simbolicamente acolhido durante a missa, numa prociss\u00e3o conduzida por colaboradores da Confer\u00eancia dos Bispos.<\/span><\/p>\n<p style=\"text-align: justify\">Em sua homilia, ao retomar a primeira leitura tirada dos Atos dos Ap\u00f3stolos (8,26-40) que relata a atividade mission\u00e1ria de Felipe e o batismo de um eunuco, dom Jacinto questionou: \u201cAp\u00f3s sermos instrumentos da Palavra e da gra\u00e7a dos sacramentos, somos arrebatados pelo Esp\u00edrito Santo para novas miss\u00f5es? Somos capazes de chegar aos novos ambientes e regi\u00f5es de miss\u00e3o, evangelizando at\u00e9 chegar \u00e0 nossa Ces\u00e1rea definitiva?\u201d Para o arcebispo, a passagem b\u00edblica interpela a comunidade crist\u00e3 para assumir o compromisso de uma verdadeira anima\u00e7\u00e3o b\u00edblica da vida e da pastoral.<\/p>\n<p style=\"text-align: justify\">A partir de um trecho do Evangelho de Jo\u00e3o (6,44-51), em que Jesus se apresenta \u00e0 multid\u00e3o como o \u201cp\u00e3o da vida\u201d, dom Jacinto recordou que a Igreja \u00e9 aquela multid\u00e3o que escuta a palavra de Cristo. \u201cEle \u00e9 o p\u00e3o vivo descido do c\u00e9u. E pela Palavra de Jesus dirigida a n\u00f3s, somos atra\u00eddos por Deus, somos disc\u00edpulos e ouvintes de Deus, amados por Ele. Tudo isso atrav\u00e9s do &#8216;Dei Verbum&#8217;, o p\u00e3o descido do c\u00e9u\u201d, disse.<\/p>\n<p style=\"text-align: justify\">O arcebispo agradeceu a Deus pela reflex\u00e3o, profunda e clara que brota da Constitui\u00e7\u00e3o Dogm\u00e1tica, e elencou alguns de seus frutos. \u201cNossa Igreja tornou-se mais atenta em escutar o Senhor, mais prof\u00e9tica em anunciar a Palavra e mais misericordiosa em servir a todos. A partir da Dei Verbum, a B\u00edblia foi devolvida e colocada nas m\u00e3os dos fi\u00e9is cat\u00f3licos\u201d, afirmou. Dom Jacinto destacou que da publica\u00e7\u00e3o deste documento brotou uma corajosa pastoral b\u00edblica e tamb\u00e9m uma a\u00e7\u00e3o geradora de transforma\u00e7\u00e3o na vida das pessoas.<\/p>\n<p style=\"text-align: justify\">\u201cA Palavra de Deus \u00e9 a alma de toda vida e a\u00e7\u00e3o evangelizadora\u201d, disse dom Jacinto, ao recordar os diversos organismos que incentivam a Pastoral B\u00edblica, como a Federa\u00e7\u00e3o B\u00edblica Latino-americana e a pr\u00f3pria Comiss\u00e3o Episcopal da CNBB, al\u00e9m da publica\u00e7\u00e3o recente da Exorta\u00e7\u00e3o Apost\u00f3lica p\u00f3s-sinodal Verbum Domini, do papa Bento XVI, e o Documento 97 da CNBB, que consagram a anima\u00e7\u00e3o b\u00edblica da pastoral. \u201cA Palavra de Deus vai se tornando cada vez mais a vida e a alma de toda a\u00e7\u00e3o evangelizadora\u201d, concluiu.<\/p>\n","protected":false},"excerpt":{"rendered":"<p>Na manh\u00e3 desta quinta-feira, 8 de maio, pen\u00faltimo dia de atividades da 52\u00aa Assembleia Geral da CNBB, os bispos participaram da missa no Santu\u00e1rio Nacional. Hoje, a celebra\u00e7\u00e3o teve como inten\u00e7\u00e3o especial a a\u00e7\u00e3o de gra\u00e7as pela publica\u00e7\u00e3o da Constitui\u00e7\u00e3o Dogm\u00e1tica \u201cDei Verbum\u201d sobre a Palavra de Deus, aprovada na quarta sess\u00e3o do Conc\u00edlio Vaticano &hellip;<\/p>\n<p class=\"read-more\"> <a class=\"\" href=\"https:\/\/www.cnbb.org.br\/missa-recorda-publicacao-da-constituicao-dogmatica-dei-verbum\/\"> <span class=\"screen-reader-text\">Missa recorda publica\u00e7\u00e3o da Constitui\u00e7\u00e3o Dogm\u00e1tica Dei Verbum<\/span> Leia mais &raquo;<\/a><\/p>\n","protected":false},"author":83,"featured_media":17733,"comment_status":"open","ping_status":"open","sticky":false,"template":"","format":"standard","meta":{"site-sidebar-layout":"default","site-content-layout":"default","ast-global-header-display":"","ast-banner-title-visibility":"","ast-main-header-display":"","ast-hfb-above-header-display":"","ast-hfb-below-header-display":"","ast-hfb-mobile-header-display":"","site-post-title":"","ast-breadcrumbs-content":"","ast-featured-img":"","footer-sml-layout":"","theme-transparent-header-meta":"","adv-header-id-meta":"","stick-header-meta":"","header-above-stick-meta":"","header-main-stick-meta":"","header-below-stick-meta":""},"categories":[841],"tags":[],"acf":[],"_links":{"self":[{"href":"https:\/\/www.cnbb.org.br\/cnbb-app\/wp\/v2\/posts\/17732"}],"collection":[{"href":"https:\/\/www.cnbb.org.br\/cnbb-app\/wp\/v2\/posts"}],"about":[{"href":"https:\/\/www.cnbb.org.br\/cnbb-app\/wp\/v2\/types\/post"}],"author":[{"embeddable":true,"href":"https:\/\/www.cnbb.org.br\/cnbb-app\/wp\/v2\/users\/83"}],"replies":[{"embeddable":true,"href":"https:\/\/www.cnbb.org.br\/cnbb-app\/wp\/v2\/comments?post=17732"}],"version-history":[{"count":0,"href":"https:\/\/www.cnbb.org.br\/cnbb-app\/wp\/v2\/posts\/17732\/revisions"}],"wp:featuredmedia":[{"embeddable":true,"href":"https:\/\/www.cnbb.org.br\/cnbb-app\/wp\/v2\/media\/17733"}],"wp:attachment":[{"href":"https:\/\/www.cnbb.org.br\/cnbb-app\/wp\/v2\/media?parent=17732"}],"wp:term":[{"taxonomy":"category","embeddable":true,"href":"https:\/\/www.cnbb.org.br\/cnbb-app\/wp\/v2\/categories?post=17732"},{"taxonomy":"post_tag","embeddable":true,"href":"https:\/\/www.cnbb.org.br\/cnbb-app\/wp\/v2\/tags?post=17732"}],"curies":[{"name":"wp","href":"https:\/\/api.w.org\/{rel}","templated":true}]}}