{"id":17740,"date":"2014-07-10T00:00:00","date_gmt":"2014-07-10T03:00:00","guid":{"rendered":"https:\/\/www.cnbb.org.br\/dom-vicoso-e-declarado-veneravel\/"},"modified":"2014-07-10T00:00:00","modified_gmt":"2014-07-10T03:00:00","slug":"dom-vicoso-e-declarado-veneravel","status":"publish","type":"post","link":"https:\/\/www.cnbb.org.br\/dom-vicoso-e-declarado-veneravel\/","title":{"rendered":"Dom Vi\u00e7oso \u00e9 declarado vener\u00e1vel"},"content":{"rendered":"<p style=\"text-align: justify\"><span style=\"line-height: 1.3em\">O papa Francisco autorizou a promulga\u00e7\u00e3o do decreto em que consta a declara\u00e7\u00e3o das virtudes heroicas do Servo de Deus dom Antonio Ferreira Vi\u00e7oso, que foi bispo da arquidiocese de Mariana (MG) de 1844 a 1875. A decis\u00e3o do papa foi anunciada em audi\u00eancia, na ter\u00e7a-feira, dia 8, com o prefeito da Congrega\u00e7\u00e3o para as Causas dos Santos, cardeal Angelo Amato.<\/span><\/p>\n<p>  <!--more-->  <\/p>\n<p style=\"text-align: justify\"><span style=\"line-height: 1.3em\">Em nota, a arquidiocese de Mariana alegrou-se com o que considera \u201cmais um passo significativo rumo \u00e0 beatifica\u00e7\u00e3o\u201d. Com a autoriza\u00e7\u00e3o do papa, dom Vi\u00e7oso recebe o t\u00edtulo de vener\u00e1vel, sendo necess\u00e1rio para a beatifica\u00e7\u00e3o, portanto, a aprova\u00e7\u00e3o de um milagre, o que j\u00e1 \u00e9 analisado pelos peritos da Congrega\u00e7\u00e3o da Santa S\u00e9.<\/span><\/p>\n<p style=\"text-align: justify\">Em maio, o papa autorizou o in\u00edcio do processo de beatifica\u00e7\u00e3o de outro arcebispo de Mariana, dom Luciano Mendes de Almeida, que governou a Igreja particular de 1988 a 2006, quando faleceu aos 75 anos. Os dois bispos encontram-se enterrados na cripta da Catedral da arquidiocese.<\/p>\n<p style=\"text-align: justify\"><strong>Dom Vi\u00e7oso<\/strong><\/p>\n<p style=\"text-align: justify\">Dom Antonio Ferreira Vi\u00e7oso nasceu em Peniche, Portugal, no ano de 1787. Na Congrega\u00e7\u00e3o da Miss\u00e3o, foi ordenado sacerdote em 1818 e chegou ao Brasil no ano seguinte, com 32 anos de idade. Antes do episcopado, abriu o Col\u00e9gio do Cara\u00e7a, em Minas Gerais, onde pregou em diversas miss\u00f5es nos povoados. Tamb\u00e9m atuou na educa\u00e7\u00e3o da juventude. Durante 15 anos esteve Jacuecanga, entorno de Angra dos Reis (RJ).<\/p>\n<p style=\"text-align: justify\">Em 1837, retornou a Minas e foi eleito superior geral dos Lazaristas. Sua ordena\u00e7\u00e3o episcopal aconteceu em 1844, no Mosteiro de S\u00e3o Bento, no Rio de Janeiro.<\/p>\n<p style=\"text-align: justify\">Em Mariana (MG), reformou o semin\u00e1rio, fundado em 1750. Ali, aplicou as normas do Conc\u00edlio de Trento para a forma\u00e7\u00e3o do Clero.<\/p>\n<p style=\"text-align: justify\">Falecido em 1875, teve seu processo de canoniza\u00e7\u00e3o aberto no mesmo ano, por dom Silv\u00e9rio Gomes Pimenta.\u00a0<\/p>\n","protected":false},"excerpt":{"rendered":"<p>O papa Francisco autorizou a promulga\u00e7\u00e3o do decreto em que consta a declara\u00e7\u00e3o das virtudes heroicas do Servo de Deus dom Antonio Ferreira Vi\u00e7oso, que foi bispo da arquidiocese de Mariana (MG) de 1844 a 1875. A decis\u00e3o do papa foi anunciada em audi\u00eancia, na ter\u00e7a-feira, dia 8, com o prefeito da Congrega\u00e7\u00e3o para as &hellip;<\/p>\n<p class=\"read-more\"> <a class=\"\" href=\"https:\/\/www.cnbb.org.br\/dom-vicoso-e-declarado-veneravel\/\"> <span class=\"screen-reader-text\">Dom Vi\u00e7oso \u00e9 declarado vener\u00e1vel<\/span> Leia mais &raquo;<\/a><\/p>\n","protected":false},"author":83,"featured_media":17741,"comment_status":"open","ping_status":"open","sticky":false,"template":"","format":"standard","meta":{"site-sidebar-layout":"default","site-content-layout":"default","ast-global-header-display":"","ast-banner-title-visibility":"","ast-main-header-display":"","ast-hfb-above-header-display":"","ast-hfb-below-header-display":"","ast-hfb-mobile-header-display":"","site-post-title":"","ast-breadcrumbs-content":"","ast-featured-img":"","footer-sml-layout":"","theme-transparent-header-meta":"","adv-header-id-meta":"","stick-header-meta":"","header-above-stick-meta":"","header-main-stick-meta":"","header-below-stick-meta":""},"categories":[841],"tags":[],"acf":[],"_links":{"self":[{"href":"https:\/\/www.cnbb.org.br\/cnbb-app\/wp\/v2\/posts\/17740"}],"collection":[{"href":"https:\/\/www.cnbb.org.br\/cnbb-app\/wp\/v2\/posts"}],"about":[{"href":"https:\/\/www.cnbb.org.br\/cnbb-app\/wp\/v2\/types\/post"}],"author":[{"embeddable":true,"href":"https:\/\/www.cnbb.org.br\/cnbb-app\/wp\/v2\/users\/83"}],"replies":[{"embeddable":true,"href":"https:\/\/www.cnbb.org.br\/cnbb-app\/wp\/v2\/comments?post=17740"}],"version-history":[{"count":0,"href":"https:\/\/www.cnbb.org.br\/cnbb-app\/wp\/v2\/posts\/17740\/revisions"}],"wp:featuredmedia":[{"embeddable":true,"href":"https:\/\/www.cnbb.org.br\/cnbb-app\/wp\/v2\/media\/17741"}],"wp:attachment":[{"href":"https:\/\/www.cnbb.org.br\/cnbb-app\/wp\/v2\/media?parent=17740"}],"wp:term":[{"taxonomy":"category","embeddable":true,"href":"https:\/\/www.cnbb.org.br\/cnbb-app\/wp\/v2\/categories?post=17740"},{"taxonomy":"post_tag","embeddable":true,"href":"https:\/\/www.cnbb.org.br\/cnbb-app\/wp\/v2\/tags?post=17740"}],"curies":[{"name":"wp","href":"https:\/\/api.w.org\/{rel}","templated":true}]}}