{"id":17752,"date":"2014-10-13T00:00:00","date_gmt":"2014-10-13T03:00:00","guid":{"rendered":"https:\/\/www.cnbb.org.br\/bispos-e-lideres-empresariais-participam-de-simposio\/"},"modified":"2014-10-13T00:00:00","modified_gmt":"2014-10-13T03:00:00","slug":"bispos-e-lideres-empresariais-participam-de-simposio","status":"publish","type":"post","link":"https:\/\/www.cnbb.org.br\/bispos-e-lideres-empresariais-participam-de-simposio\/","title":{"rendered":"Bispos e l\u00edderes empresariais participam de simp\u00f3sio"},"content":{"rendered":"<p style=\"text-align: justify\"><span style=\"line-height: 1.3em\">Bispos da Igreja da Am\u00e9rica Latina e do Caribe estiveram reunidos com empres\u00e1rios de v\u00e1rios pa\u00edses nos dias 9 e 10 de outubro, <span>no 12\u00ba Simp\u00f3sio do Conselho Episcopal Latino-Americano (Celam) \u2013 Uni\u00e3o Internacional Crist\u00e3 de Dirigentes de Empresas (<\/span><span>Uniapac LA<\/span><span>), com a finalidade de discutir a<\/span>\u00a0realidade da regi\u00e3o. O encontro aconteceu em Santiago de los Caballeros, na Rep\u00fablica Dominicana, e contou com a participa\u00e7\u00e3o do arcebispo metropolitano de Belo Horizonte, dom Walmor Oliveira de Azevedo.<\/span><\/p>\n<p>  <!--more-->  <\/p>\n<p style=\"text-align: justify\"><span style=\"line-height: 1.3em\">Nesta edi\u00e7\u00e3o, o simp\u00f3sio teve como lema \u201cResponsabilidade dos l\u00edderes empresariais para construir uma sociedade mais justa, pac\u00edfica e fraterna\u201d. O evento acontece a cada dois anos e possibilita intera\u00e7\u00f5es, trocas de experi\u00eancias e di\u00e1logo franco e colaborativo entre os empreendedores e sacerdotes da Igreja, para identificar as necessidades e demandas de cada um, em suas respectivas regi\u00f5es.\u00a0<\/span><\/p>\n<p style=\"text-align: justify\">Dom Walmor participou de uma mesa redonda sobre a exorta\u00e7\u00e3o apost\u00f3lica <em>Evangelii Gaudium<\/em>, com reflex\u00f5es sobre como o empres\u00e1rio crist\u00e3o pode contribuir com governos, parlamentos, tribunais e outros setores do poder p\u00fablico e da sociedade. Tamb\u00e9m participaram da mesa o diretor da Uniapac Latino-Americana, Rolando Medeiros, do Chile, e a diretora do Movimento dos Trabalhadores Crist\u00e3os, Rosa Pacheco, do Peru.<\/p>\n<p style=\"text-align: justify\"><strong>Congresso Latino-Americano da Uniapac<\/strong><\/p>\n<p style=\"text-align: justify\">Os empres\u00e1rios crist\u00e3os tamb\u00e9m participaram, nos dias 8 e 9, do 11\u00ba congresso Latino-Americano da Uniapac, pela primeira vez sob o comando do empres\u00e1rio brasileiro S\u00e9rgio Cavalieri, que foi empossado presidente da institui\u00e7\u00e3o no ano passado. Representantes de dez pa\u00edses latino-americanos estiveram presentes: Argentina, Brasil, Chile, Col\u00f4mbia, Equador, Honduras, M\u00e9xico, Paraguai, Peru e Rep\u00fablica Dominicana.<\/p>\n<p style=\"text-align: justify\">\u00c0 luz do tema \u201cUma nova economia \u00e9 poss\u00edvel\u201d, o congresso tratou dos modelos de uma nova economia, que coloque o homem efetivamente no centro das decis\u00f5es econ\u00f4micas, pol\u00edticas, empresariais e sociais. Os participantes buscaram mostrar que \u00e9 poss\u00edvel uma economia que respeite as pessoas e, assim, despertar os l\u00edderes empresariais a seguirem por esse caminho, em busca de um mundo melhor.<\/p>\n<p style=\"text-align: justify\"><span style=\"font-size: xx-small\"><strong><em>Com informa\u00e7\u00f5es da arquidiocese de Belo Horizonte\u00a0<\/em><\/strong><\/span><\/p>\n","protected":false},"excerpt":{"rendered":"<p>Bispos da Igreja da Am\u00e9rica Latina e do Caribe estiveram reunidos com empres\u00e1rios de v\u00e1rios pa\u00edses nos dias 9 e 10 de outubro, no 12\u00ba Simp\u00f3sio do Conselho Episcopal Latino-Americano (Celam) \u2013 Uni\u00e3o Internacional Crist\u00e3 de Dirigentes de Empresas (Uniapac LA), com a finalidade de discutir a\u00a0realidade da regi\u00e3o. O encontro aconteceu em Santiago de &hellip;<\/p>\n<p class=\"read-more\"> <a class=\"\" href=\"https:\/\/www.cnbb.org.br\/bispos-e-lideres-empresariais-participam-de-simposio\/\"> <span class=\"screen-reader-text\">Bispos e l\u00edderes empresariais participam de simp\u00f3sio<\/span> Leia mais &raquo;<\/a><\/p>\n","protected":false},"author":83,"featured_media":1739,"comment_status":"open","ping_status":"open","sticky":false,"template":"","format":"standard","meta":{"site-sidebar-layout":"default","site-content-layout":"default","ast-global-header-display":"","ast-banner-title-visibility":"","ast-main-header-display":"","ast-hfb-above-header-display":"","ast-hfb-below-header-display":"","ast-hfb-mobile-header-display":"","site-post-title":"","ast-breadcrumbs-content":"","ast-featured-img":"","footer-sml-layout":"","theme-transparent-header-meta":"","adv-header-id-meta":"","stick-header-meta":"","header-above-stick-meta":"","header-main-stick-meta":"","header-below-stick-meta":""},"categories":[841],"tags":[],"acf":[],"_links":{"self":[{"href":"https:\/\/www.cnbb.org.br\/cnbb-app\/wp\/v2\/posts\/17752"}],"collection":[{"href":"https:\/\/www.cnbb.org.br\/cnbb-app\/wp\/v2\/posts"}],"about":[{"href":"https:\/\/www.cnbb.org.br\/cnbb-app\/wp\/v2\/types\/post"}],"author":[{"embeddable":true,"href":"https:\/\/www.cnbb.org.br\/cnbb-app\/wp\/v2\/users\/83"}],"replies":[{"embeddable":true,"href":"https:\/\/www.cnbb.org.br\/cnbb-app\/wp\/v2\/comments?post=17752"}],"version-history":[{"count":0,"href":"https:\/\/www.cnbb.org.br\/cnbb-app\/wp\/v2\/posts\/17752\/revisions"}],"wp:featuredmedia":[{"embeddable":true,"href":"https:\/\/www.cnbb.org.br\/cnbb-app\/wp\/v2\/media\/1739"}],"wp:attachment":[{"href":"https:\/\/www.cnbb.org.br\/cnbb-app\/wp\/v2\/media?parent=17752"}],"wp:term":[{"taxonomy":"category","embeddable":true,"href":"https:\/\/www.cnbb.org.br\/cnbb-app\/wp\/v2\/categories?post=17752"},{"taxonomy":"post_tag","embeddable":true,"href":"https:\/\/www.cnbb.org.br\/cnbb-app\/wp\/v2\/tags?post=17752"}],"curies":[{"name":"wp","href":"https:\/\/api.w.org\/{rel}","templated":true}]}}