{"id":17759,"date":"2014-11-19T00:00:00","date_gmt":"2014-11-19T02:00:00","guid":{"rendered":"https:\/\/www.cnbb.org.br\/filme-irma-dulce-estreia-nos-cinemas-do-brasil\/"},"modified":"2014-11-19T00:00:00","modified_gmt":"2014-11-19T02:00:00","slug":"filme-irma-dulce-estreia-nos-cinemas-do-brasil","status":"publish","type":"post","link":"https:\/\/www.cnbb.org.br\/filme-irma-dulce-estreia-nos-cinemas-do-brasil\/","title":{"rendered":"Filme &#8220;Irm\u00e3 Dulce&#8221; estreia nos cinemas do Brasil"},"content":{"rendered":"<p style=\"text-align: justify\">&#8220;A verdade se imp\u00f5e; a verdade ilumina; a verdade liberta. Um filme sobre Irm\u00e3 Dulce s\u00f3 teria sentido se fosse express\u00e3o da verdade de sua vida. N\u00e3o fosse verdadeiro, os primeiros a critic\u00e1-lo seriam os que a conheceram&#8221;, relatou o arcebispo de Salvador (BA) e Primaz do Brasil, dom Murilo Krieger, sobre longa metragem &#8220;Irm\u00e3 Dulce&#8221;.<\/p>\n<p>  <!--more-->  <\/p>\n<p style=\"text-align: justify\"><span style=\"line-height: 1.3em\">O lan\u00e7amento do primeiro filme sobre a vida e miss\u00e3o da religiosa, Irm\u00e3 Dulce, acontece no pr\u00f3ximo dia 27 de novembro. No dia 13, o longa j\u00e1 entrou em cartaz nas regi\u00f5es Norte e Nordeste do pa\u00eds. <\/span><a href=\"https:\/\/www.youtube.com\/watch?v=wi-mg_m5P24\" data-rel=\"lightbox-video-0\" target=\"_blank\" style=\"line-height: 1.3em\" rel=\"noopener noreferrer\">Confira trechos.<\/a><\/p>\n<p style=\"text-align: justify\">O filme retrata com fidelidade e verdade o testemunho crist\u00e3o da freira beatificada em 10 de dezembro de 2010, pelo papa Bento XVI, em Salvador. A beata recebeu o t\u00edtulo de Bem-Aventurada Dulce dos Pobres, tendo o dia 13 de agosto como data oficial de celebra\u00e7\u00e3o de sua festa lit\u00fargica.<\/p>\n<p style=\"text-align: justify\"><strong>Produ\u00e7\u00e3o<\/strong><\/p>\n<p style=\"text-align: justify\">Com dire\u00e7\u00e3o de Vicente Amorim, roteiro de Anna Muylaert e L.G. Bay\u00e3o, al\u00e9m da produ\u00e7\u00e3o assinada por Iafa Britz, o longa-metragem, filmado em Salvador, mostra momentos marcantes da trajet\u00f3ria da beata.<\/p>\n<p style=\"text-align: justify\">O longa destaca o cuidado e o relacionamento de &#8220;m\u00e3e e filho&#8221; entre a freira e Jo\u00e3o, um menino pobre que \u00a0pede abrigo \u00e0 irm\u00e3 ap\u00f3s a fam\u00edlia ser retirada de casa. Na inf\u00e2ncia e na vida adulta dele, Irm\u00e3 Dulce o salva duas vezes da morte: retirando-o do \u00f4nibus ap\u00f3s acidente em frente ao convento e quando criminosos o amea\u00e7am de morte por conta de uma d\u00edvida.<\/p>\n<h5 style=\"text-align: justify\"><em>Foto: Dilvulga\u00e7\u00e3o<\/em><\/h5>\n","protected":false},"excerpt":{"rendered":"<p>&#8220;A verdade se imp\u00f5e; a verdade ilumina; a verdade liberta. Um filme sobre Irm\u00e3 Dulce s\u00f3 teria sentido se fosse express\u00e3o da verdade de sua vida. N\u00e3o fosse verdadeiro, os primeiros a critic\u00e1-lo seriam os que a conheceram&#8221;, relatou o arcebispo de Salvador (BA) e Primaz do Brasil, dom Murilo Krieger, sobre longa metragem &#8220;Irm\u00e3 &hellip;<\/p>\n<p class=\"read-more\"> <a class=\"\" href=\"https:\/\/www.cnbb.org.br\/filme-irma-dulce-estreia-nos-cinemas-do-brasil\/\"> <span class=\"screen-reader-text\">Filme &#8220;Irm\u00e3 Dulce&#8221; estreia nos cinemas do Brasil<\/span> Leia mais &raquo;<\/a><\/p>\n","protected":false},"author":83,"featured_media":17760,"comment_status":"open","ping_status":"open","sticky":false,"template":"","format":"standard","meta":{"site-sidebar-layout":"default","site-content-layout":"default","ast-global-header-display":"","ast-banner-title-visibility":"","ast-main-header-display":"","ast-hfb-above-header-display":"","ast-hfb-below-header-display":"","ast-hfb-mobile-header-display":"","site-post-title":"","ast-breadcrumbs-content":"","ast-featured-img":"","footer-sml-layout":"","theme-transparent-header-meta":"","adv-header-id-meta":"","stick-header-meta":"","header-above-stick-meta":"","header-main-stick-meta":"","header-below-stick-meta":""},"categories":[841],"tags":[],"acf":[],"_links":{"self":[{"href":"https:\/\/www.cnbb.org.br\/cnbb-app\/wp\/v2\/posts\/17759"}],"collection":[{"href":"https:\/\/www.cnbb.org.br\/cnbb-app\/wp\/v2\/posts"}],"about":[{"href":"https:\/\/www.cnbb.org.br\/cnbb-app\/wp\/v2\/types\/post"}],"author":[{"embeddable":true,"href":"https:\/\/www.cnbb.org.br\/cnbb-app\/wp\/v2\/users\/83"}],"replies":[{"embeddable":true,"href":"https:\/\/www.cnbb.org.br\/cnbb-app\/wp\/v2\/comments?post=17759"}],"version-history":[{"count":0,"href":"https:\/\/www.cnbb.org.br\/cnbb-app\/wp\/v2\/posts\/17759\/revisions"}],"wp:featuredmedia":[{"embeddable":true,"href":"https:\/\/www.cnbb.org.br\/cnbb-app\/wp\/v2\/media\/17760"}],"wp:attachment":[{"href":"https:\/\/www.cnbb.org.br\/cnbb-app\/wp\/v2\/media?parent=17759"}],"wp:term":[{"taxonomy":"category","embeddable":true,"href":"https:\/\/www.cnbb.org.br\/cnbb-app\/wp\/v2\/categories?post=17759"},{"taxonomy":"post_tag","embeddable":true,"href":"https:\/\/www.cnbb.org.br\/cnbb-app\/wp\/v2\/tags?post=17759"}],"curies":[{"name":"wp","href":"https:\/\/api.w.org\/{rel}","templated":true}]}}