{"id":17773,"date":"2015-04-23T00:00:00","date_gmt":"2015-04-23T03:00:00","guid":{"rendered":"https:\/\/www.cnbb.org.br\/dom-geraldo-lyrio-e-eleito-terceiro-membro-para-o-sinodo-dos-bispos\/"},"modified":"2015-04-23T00:00:00","modified_gmt":"2015-04-23T03:00:00","slug":"dom-geraldo-lyrio-e-eleito-terceiro-membro-para-o-sinodo-dos-bispos","status":"publish","type":"post","link":"https:\/\/www.cnbb.org.br\/dom-geraldo-lyrio-e-eleito-terceiro-membro-para-o-sinodo-dos-bispos\/","title":{"rendered":"Dom Geraldo Lyrio \u00e9 eleito terceiro membro para o S\u00ednodo dos Bispos"},"content":{"rendered":"<p style=\"text-align: justify\"><span style=\"font-size: 12.1599998474121px;line-height: 1.3em\">Com 134 de 238 votos v\u00e1lidos, o \u00a0arcebispo de Mariana (MG), dom Geraldo Lyrio Rocha, foi eleito terceiro membro para a 14<span>\u00aa\u00a0<\/span> Assembleia Geral Ordin\u00e1ria do S\u00ednodo dos Bispos, que ocorrer\u00e1 em outubro, no Vaticano.\u00a0<\/span><\/p>\n<p>  <!--more-->  <\/p>\n<p style=\"text-align: justify\"><span style=\"font-size: 12.1599998474121px;line-height: 1.3em\">Dom Lyrio \u00e9 natural de Fund\u00e3o (ES). Foi bispo auxiliar de Vit\u00f3ria (ES); bispo de Colatina (ES), arcebispo de Vit\u00f3ria da Conquista (BA). Desde 2007, \u00e9 arcebispo de Mariana.<\/span><\/p>\n<p style=\"text-align: justify\">Dom Geraldo foi\u00a0 presidente da CNBB, de 2007 a 2011;i segundo-vice presidente do Conselho Episcopal Latino-Americano (Celam); i delegado da CNBB ao Celam, de 2011 a 2015, e \u00e0 Confer\u00eancia de Santo Domingo, em 1992.<\/p>\n<p>Tamb\u00e9m foi eleito para os S\u00ednodos para a Am\u00e9rica, em 1997; sobre a Eucaristia, em 2005; sobre a Palavra de Deus, 2008; e sobre a Nova Evangeliza\u00e7\u00e3o, 2012.\u00a0<\/p>\n","protected":false},"excerpt":{"rendered":"<p>Com 134 de 238 votos v\u00e1lidos, o \u00a0arcebispo de Mariana (MG), dom Geraldo Lyrio Rocha, foi eleito terceiro membro para a 14\u00aa\u00a0 Assembleia Geral Ordin\u00e1ria do S\u00ednodo dos Bispos, que ocorrer\u00e1 em outubro, no Vaticano.\u00a0<\/p>\n","protected":false},"author":83,"featured_media":17774,"comment_status":"open","ping_status":"open","sticky":false,"template":"","format":"standard","meta":{"site-sidebar-layout":"default","site-content-layout":"default","ast-global-header-display":"","ast-banner-title-visibility":"","ast-main-header-display":"","ast-hfb-above-header-display":"","ast-hfb-below-header-display":"","ast-hfb-mobile-header-display":"","site-post-title":"","ast-breadcrumbs-content":"","ast-featured-img":"","footer-sml-layout":"","theme-transparent-header-meta":"","adv-header-id-meta":"","stick-header-meta":"","header-above-stick-meta":"","header-main-stick-meta":"","header-below-stick-meta":""},"categories":[841],"tags":[],"acf":[],"_links":{"self":[{"href":"https:\/\/www.cnbb.org.br\/cnbb-app\/wp\/v2\/posts\/17773"}],"collection":[{"href":"https:\/\/www.cnbb.org.br\/cnbb-app\/wp\/v2\/posts"}],"about":[{"href":"https:\/\/www.cnbb.org.br\/cnbb-app\/wp\/v2\/types\/post"}],"author":[{"embeddable":true,"href":"https:\/\/www.cnbb.org.br\/cnbb-app\/wp\/v2\/users\/83"}],"replies":[{"embeddable":true,"href":"https:\/\/www.cnbb.org.br\/cnbb-app\/wp\/v2\/comments?post=17773"}],"version-history":[{"count":0,"href":"https:\/\/www.cnbb.org.br\/cnbb-app\/wp\/v2\/posts\/17773\/revisions"}],"wp:featuredmedia":[{"embeddable":true,"href":"https:\/\/www.cnbb.org.br\/cnbb-app\/wp\/v2\/media\/17774"}],"wp:attachment":[{"href":"https:\/\/www.cnbb.org.br\/cnbb-app\/wp\/v2\/media?parent=17773"}],"wp:term":[{"taxonomy":"category","embeddable":true,"href":"https:\/\/www.cnbb.org.br\/cnbb-app\/wp\/v2\/categories?post=17773"},{"taxonomy":"post_tag","embeddable":true,"href":"https:\/\/www.cnbb.org.br\/cnbb-app\/wp\/v2\/tags?post=17773"}],"curies":[{"name":"wp","href":"https:\/\/api.w.org\/{rel}","templated":true}]}}