{"id":17775,"date":"2015-05-14T00:00:00","date_gmt":"2015-05-14T03:00:00","guid":{"rendered":"https:\/\/www.cnbb.org.br\/alguns-aspectos-da-nota-da-cnbb-sobre-o-momento-nacional\/"},"modified":"2015-05-14T00:00:00","modified_gmt":"2015-05-14T03:00:00","slug":"alguns-aspectos-da-nota-da-cnbb-sobre-o-momento-nacional","status":"publish","type":"post","link":"https:\/\/www.cnbb.org.br\/alguns-aspectos-da-nota-da-cnbb-sobre-o-momento-nacional\/","title":{"rendered":"Alguns aspectos da nota da CNBB sobre o momento nacional"},"content":{"rendered":"<p style=\"text-align: right\"><strong>Dom Jaime Spengler<br \/><\/strong><strong>Arcebispo de Porto Alegre (RS)<\/strong><\/p>\n<p style=\"text-align: justify\">&#8220;A Confer\u00eancia Nacional dos Bispos do Brasil &#8211; CNBB, reunida em Aparecida (SP), no per\u00edodo de 15 a 24 de abril de 2015, avaliou, com apreens\u00e3o, a realidade brasileira, marcada pela profunda e prolongada crise que amea\u00e7a as conquistas, a partir da Constitui\u00e7\u00e3o Cidad\u00e3 de 1988, e coloca em risco a ordem democr\u00e1tica do Pa\u00eds. (&#8230;)<\/p>\n<p>  <!--more-->  <\/p>\n<p style=\"text-align: justify\">\u00a0<\/p>\n<p style=\"text-align: justify\">O momento n\u00e3o \u00e9 de acirrar \u00e2nimos nem de assumir posi\u00e7\u00f5es revanchistas ou de \u00f3dio que desconsiderem a pol\u00edtica como defesa e promo\u00e7\u00e3o do bem comum. Os tr\u00eas poderes da Rep\u00fablica, com a autonomia que lhes \u00e9 pr\u00f3pria, t\u00eam o dever irrenunci\u00e1vel do di\u00e1logo aberto, franco, verdadeiro, na busca de uma solu\u00e7\u00e3o que devolva aos brasileiros a certeza de supera\u00e7\u00e3o da crise.<\/p>\n<p style=\"text-align: justify\">A retomada de crescimento do Pa\u00eds, uma das condi\u00e7\u00f5es para vencer a crise, precisa ser feita sem trazer preju\u00edzo \u00e0 popula\u00e7\u00e3o, aos trabalhadores e, principalmente, aos mais pobres. (&#8230;)<\/p>\n<p style=\"text-align: justify\">A corrup\u00e7\u00e3o, praga da sociedade e pecado grave que brada aos c\u00e9us (Papa Francisco), est\u00e1 presente tanto em \u00f3rg\u00e3os p\u00fablicos quanto em institui\u00e7\u00f5es da sociedade. Combat\u00ea-la, de modo eficaz, com a consequente puni\u00e7\u00e3o de corrompidos e corruptores, \u00e9 dever do Estado. \u00c9 imperativo recuperar uma cultura que prime pelos valores da honestidade e da retid\u00e3o. S\u00f3 assim se restaurar\u00e1 a justi\u00e7a e se plantar\u00e1, novamente, no cora\u00e7\u00e3o do povo, a esperan\u00e7a de novos tempos, calcados na \u00e9tica.<\/p>\n<p style=\"text-align: justify\">A credibilidade pol\u00edtica, perdida por causa da corrup\u00e7\u00e3o e da pr\u00e1tica interesseira com que grande parte dos pol\u00edticos exerce seu mandato, n\u00e3o pode ser recuperada ao pre\u00e7o da aprova\u00e7\u00e3o de leis que retiram direitos dos mais vulner\u00e1veis. Lamentamos que no Congresso se formem bancadas que reforcem o corporativismo para defender interesses de segmentos que se op\u00f5em aos direitos e conquistas sociais j\u00e1 adquiridos pelos mais pobres. (&#8230;)<\/p>\n<p style=\"text-align: justify\">A PEC 171\/1993, que prop\u00f5e a redu\u00e7\u00e3o da maioridade penal para 16 anos (&#8230;) \u00e9 um equ\u00edvoco que precisa ser desfeito. A redu\u00e7\u00e3o da maioridade penal n\u00e3o \u00e9 solu\u00e7\u00e3o para a viol\u00eancia que grassa no Brasil e refor\u00e7a a pol\u00edtica de encarceramento em um pa\u00eds que j\u00e1 tem a quarta maior popula\u00e7\u00e3o carcer\u00e1ria do mundo. Investir em educa\u00e7\u00e3o de qualidade e em pol\u00edticas p\u00fablicas para a juventude e para a fam\u00edlia \u00e9 meio eficaz para preservar os adolescentes da delinqu\u00eancia e da viol\u00eancia.<\/p>\n<p style=\"text-align: justify\">O Estatuto da Crian\u00e7a e do Adolescente, em vigor h\u00e1 25 anos, responsabiliza o adolescente, a partir dos 12 anos, por qualquer ato contra a lei, aplicando-lhe as medidas socioeducativas. N\u00e3o procede, portanto, a alegada impunidade para adolescentes infratores. Onde essas medidas s\u00e3o corretamente aplicadas, o \u00edndice de reincid\u00eancia do adolescente infrator \u00e9 muito baixo. Ao inv\u00e9s de aprovarem a redu\u00e7\u00e3o da maioridade penal, os parlamentares deveriam criar mecanismos que responsabilizem os gestores por n\u00e3o aparelharem seu governo para a correta aplica\u00e7\u00e3o das medidas socioeducativas. (&#8230;)<\/p>\n<p style=\"text-align: justify\">Muitas destas e de outras mat\u00e9rias que incidem diretamente na vida do povo t\u00eam, entre seus caminhos de solu\u00e7\u00e3o, uma reforma pol\u00edtica que atinja as entranhas do sistema pol\u00edtico brasileiro. Apartid\u00e1ria, a proposta da Coaliz\u00e3o pela Reforma Pol\u00edtica Democr\u00e1tica e Elei\u00e7\u00f5es Limpas, da qual a CNBB \u00e9 signat\u00e1ria, coloca-se nessa dire\u00e7\u00e3o.<\/p>\n<p style=\"text-align: justify\">Urge, al\u00e9m disso, resgatar a \u00e9tica p\u00fablica que diz respeito &#8216;\u00e0 responsabiliza\u00e7\u00e3o do cidad\u00e3o, dos grupos ou institui\u00e7\u00f5es da sociedade pelo bem comum&#8217;. Para tanto, &#8216;como pastores, reafirmamos Cristo, medida de nossa conduta moral e sentido pleno de nossa vida&#8217;.<\/p>\n<p style=\"text-align: justify\">Que o povo brasileiro, neste Ano da Paz e sob a prote\u00e7\u00e3o de Nossa Senhora Aparecida, padroeira do Brasil, supere esse momento dif\u00edcil e persevere no caminho da justi\u00e7a e da paz&#8221;.<\/p>\n","protected":false},"excerpt":{"rendered":"<p>Dom Jaime SpenglerArcebispo de Porto Alegre (RS) &#8220;A Confer\u00eancia Nacional dos Bispos do Brasil &#8211; CNBB, reunida em Aparecida (SP), no per\u00edodo de 15 a 24 de abril de 2015, avaliou, com apreens\u00e3o, a realidade brasileira, marcada pela profunda e prolongada crise que amea\u00e7a as conquistas, a partir da Constitui\u00e7\u00e3o Cidad\u00e3 de 1988, e coloca &hellip;<\/p>\n<p class=\"read-more\"> <a class=\"\" href=\"https:\/\/www.cnbb.org.br\/alguns-aspectos-da-nota-da-cnbb-sobre-o-momento-nacional\/\"> <span class=\"screen-reader-text\">Alguns aspectos da nota da CNBB sobre o momento nacional<\/span> Leia mais &raquo;<\/a><\/p>\n","protected":false},"author":83,"featured_media":0,"comment_status":"open","ping_status":"open","sticky":false,"template":"","format":"standard","meta":{"site-sidebar-layout":"default","site-content-layout":"default","ast-global-header-display":"","ast-banner-title-visibility":"","ast-main-header-display":"","ast-hfb-above-header-display":"","ast-hfb-below-header-display":"","ast-hfb-mobile-header-display":"","site-post-title":"","ast-breadcrumbs-content":"","ast-featured-img":"","footer-sml-layout":"","theme-transparent-header-meta":"","adv-header-id-meta":"","stick-header-meta":"","header-above-stick-meta":"","header-main-stick-meta":"","header-below-stick-meta":""},"categories":[841],"tags":[],"acf":[],"_links":{"self":[{"href":"https:\/\/www.cnbb.org.br\/cnbb-app\/wp\/v2\/posts\/17775"}],"collection":[{"href":"https:\/\/www.cnbb.org.br\/cnbb-app\/wp\/v2\/posts"}],"about":[{"href":"https:\/\/www.cnbb.org.br\/cnbb-app\/wp\/v2\/types\/post"}],"author":[{"embeddable":true,"href":"https:\/\/www.cnbb.org.br\/cnbb-app\/wp\/v2\/users\/83"}],"replies":[{"embeddable":true,"href":"https:\/\/www.cnbb.org.br\/cnbb-app\/wp\/v2\/comments?post=17775"}],"version-history":[{"count":0,"href":"https:\/\/www.cnbb.org.br\/cnbb-app\/wp\/v2\/posts\/17775\/revisions"}],"wp:attachment":[{"href":"https:\/\/www.cnbb.org.br\/cnbb-app\/wp\/v2\/media?parent=17775"}],"wp:term":[{"taxonomy":"category","embeddable":true,"href":"https:\/\/www.cnbb.org.br\/cnbb-app\/wp\/v2\/categories?post=17775"},{"taxonomy":"post_tag","embeddable":true,"href":"https:\/\/www.cnbb.org.br\/cnbb-app\/wp\/v2\/tags?post=17775"}],"curies":[{"name":"wp","href":"https:\/\/api.w.org\/{rel}","templated":true}]}}