{"id":17788,"date":"2015-10-01T00:00:00","date_gmt":"2015-10-01T03:00:00","guid":{"rendered":"https:\/\/www.cnbb.org.br\/cnbb-participa-de-mobilizacao-catolica-pelo-clima\/"},"modified":"2015-10-01T00:00:00","modified_gmt":"2015-10-01T03:00:00","slug":"cnbb-participa-de-mobilizacao-catolica-pelo-clima","status":"publish","type":"post","link":"https:\/\/www.cnbb.org.br\/cnbb-participa-de-mobilizacao-catolica-pelo-clima\/","title":{"rendered":"CNBB participa de mobiliza\u00e7\u00e3o cat\u00f3lica pelo clima"},"content":{"rendered":"<p style=\"text-align: justify\">Conselho Episcopal Pastoral\u00a0referendou\u00a0participa\u00e7\u00e3o em Peti\u00e7\u00e3o pelo Clima<\/p>\n<p>  <!--more-->  <\/p>\n<p style=\"text-align: justify\">A Confer\u00eancia Nacional dos Bispos do Brasil (CNBB) iniciou, no m\u00eas de setembro, apoio \u00e0 Peti\u00e7\u00e3o Cat\u00f3lica pelo Clima, uma iniciativa mundial em favor da renova\u00e7\u00e3o da rela\u00e7\u00e3o das atuais e futuras gera\u00e7\u00f5es com o planeta, a \u201ccasa comum\u201d.<\/p>\n<p style=\"text-align: justify\">A peti\u00e7\u00e3o \u00e9 organizada pelo Movimento Cat\u00f3lico Global pelo Clima, uma coaliz\u00e3o internacional, \u201cconstitu\u00edda por leigos e leigas, religiosos e religiosas, cl\u00e9rigos, te\u00f3logos, cientistas e ativistas, pessoas de diferentes continentes e estilos de vida, unidos pela f\u00e9 cat\u00f3lica\u201d, que pretendem colaborar com o movimento de renova\u00e7\u00e3o das rela\u00e7\u00f5es do ser humano com a cria\u00e7\u00e3o e consigo mesmo. A inspira\u00e7\u00e3o est\u00e1 no conceito de Ecologia Integral abordado na enc\u00edclica\u00a0do papa Francisco,<em> Laudato Si<\/em>&#8216;, e tem o objetivo de motivar o debate sobre as mudan\u00e7as clim\u00e1ticas.<\/p>\n<p style=\"text-align: justify\">Em carta, a Confer\u00eancia recorda seu engajamento hist\u00f3rico \u201cna luta em defesa dos mais pobres\u201d. A CNBB \u201cexorta as pessoas cat\u00f3licas e todas as de boa vontade a assinarem esta importante peti\u00e7\u00e3o, pensando no cuidado e prote\u00e7\u00e3o da natureza, presente de Deus \u00e0 humanidade\u201d, diz o texto.<\/p>\n<h3 style=\"text-align: justify\">Pedidos<\/h3>\n<p style=\"text-align: justify\"><a title=\"Assine a peti\u00e7\u00e3o\" href=\"http:\/\/catholicclimatemovement.global\/pt\/\" target=\"_blank\" rel=\"noopener\"><img decoding=\"async\" loading=\"lazy\" class=\" alignright size-full wp-image-27143\" style=\"float: right\" src=\"https:\/\/www.cnbb.org.br\/wp-content\/uploads\/2020\/03\/Peticao_clima_201x350.jpg\" alt=\"\" width=\"103\" height=\"179\" \/><\/a>Tr\u00eas itens comp\u00f5em a Peti\u00e7\u00e3o Cat\u00f3lica pelo Clima, que ser\u00e1 entregue aos l\u00edderes mundiais que estar\u00e3o reunidos, em Paris, na Fran\u00e7a, para a 21\u00aa Confer\u00eancia do Clima das Na\u00e7\u00f5es Unidas (COP21). O primeiro refere-se \u00e0 inclus\u00e3o da dimens\u00e3o \u00e9tica e moral no debate sobre o clima. O segundo ponto pede a redu\u00e7\u00e3o dr\u00e1stica das emiss\u00f5es de carbono na natureza. Por fim, o movimento recomenda a ajuda aos pa\u00edses pobres no enfrentamento dos impactos causados pelas mudan\u00e7as clim\u00e1ticas.<\/p>\n<h3 style=\"text-align: justify\">Caritas<\/h3>\n<p style=\"text-align: justify\">A peti\u00e7\u00e3o foi apresentada ao papa Francisco pelo arcebispo de Manila, nas Filipinas, e presidente da Caritas <em>Internacionalis<\/em>, cardeal Luis Antonio Tagle, em janeiro deste ano, por ocasi\u00e3o da visita papal ao pa\u00eds.<\/p>\n<p style=\"text-align: justify\">Para saber mais e participar da iniciativa, acesse o site\u00a0http:\/\/catholicclimatemovement.global\/pt\/<\/p>\n","protected":false},"excerpt":{"rendered":"<p>Conselho Episcopal Pastoral\u00a0referendou\u00a0participa\u00e7\u00e3o em Peti\u00e7\u00e3o pelo Clima<\/p>\n","protected":false},"author":83,"featured_media":17789,"comment_status":"open","ping_status":"open","sticky":false,"template":"","format":"standard","meta":{"site-sidebar-layout":"default","site-content-layout":"default","ast-global-header-display":"","ast-banner-title-visibility":"","ast-main-header-display":"","ast-hfb-above-header-display":"","ast-hfb-below-header-display":"","ast-hfb-mobile-header-display":"","site-post-title":"","ast-breadcrumbs-content":"","ast-featured-img":"","footer-sml-layout":"","theme-transparent-header-meta":"","adv-header-id-meta":"","stick-header-meta":"","header-above-stick-meta":"","header-main-stick-meta":"","header-below-stick-meta":""},"categories":[841],"tags":[],"acf":[],"_links":{"self":[{"href":"https:\/\/www.cnbb.org.br\/cnbb-app\/wp\/v2\/posts\/17788"}],"collection":[{"href":"https:\/\/www.cnbb.org.br\/cnbb-app\/wp\/v2\/posts"}],"about":[{"href":"https:\/\/www.cnbb.org.br\/cnbb-app\/wp\/v2\/types\/post"}],"author":[{"embeddable":true,"href":"https:\/\/www.cnbb.org.br\/cnbb-app\/wp\/v2\/users\/83"}],"replies":[{"embeddable":true,"href":"https:\/\/www.cnbb.org.br\/cnbb-app\/wp\/v2\/comments?post=17788"}],"version-history":[{"count":0,"href":"https:\/\/www.cnbb.org.br\/cnbb-app\/wp\/v2\/posts\/17788\/revisions"}],"wp:featuredmedia":[{"embeddable":true,"href":"https:\/\/www.cnbb.org.br\/cnbb-app\/wp\/v2\/media\/17789"}],"wp:attachment":[{"href":"https:\/\/www.cnbb.org.br\/cnbb-app\/wp\/v2\/media?parent=17788"}],"wp:term":[{"taxonomy":"category","embeddable":true,"href":"https:\/\/www.cnbb.org.br\/cnbb-app\/wp\/v2\/categories?post=17788"},{"taxonomy":"post_tag","embeddable":true,"href":"https:\/\/www.cnbb.org.br\/cnbb-app\/wp\/v2\/tags?post=17788"}],"curies":[{"name":"wp","href":"https:\/\/api.w.org\/{rel}","templated":true}]}}