{"id":17792,"date":"2015-12-23T00:00:00","date_gmt":"2015-12-23T02:00:00","guid":{"rendered":"https:\/\/www.cnbb.org.br\/colaboradores-celebram-natal-na-sede-da-cnbb\/"},"modified":"2015-12-23T00:00:00","modified_gmt":"2015-12-23T02:00:00","slug":"colaboradores-celebram-natal-na-sede-da-cnbb","status":"publish","type":"post","link":"https:\/\/www.cnbb.org.br\/colaboradores-celebram-natal-na-sede-da-cnbb\/","title":{"rendered":"Colaboradores celebram Natal na sede da CNBB"},"content":{"rendered":"<p style=\"text-align: justify\">Dom Leonardo Steiner presidiu celebra\u00e7\u00e3o eucar\u00edstica em dia de confraterniza\u00e7\u00e3o<\/p>\n<p>  <!--more-->  <\/p>\n<p style=\"text-align: justify\">O bispo auxiliar de Bras\u00edlia (DF) e secret\u00e1rio geral da Confer\u00eancia Nacional dos Bispos do Brasil (CNBB), dom Leonardo Steiner, presidiu, na\u00a0quarta-feira, 23, a celebra\u00e7\u00e3o eucar\u00edstica com a participa\u00e7\u00e3o dos colaboradores da sede da Confer\u00eancia, em Bras\u00edlia. O dia de trabalho foi substitu\u00eddo por momentos de confraterniza\u00e7\u00e3o.<\/p>\n<p style=\"text-align: justify\">Durante a celebra\u00e7\u00e3o, dom Leonardo destacou a import\u00e2ncia da Luz do Natal que \u00e9 Cristo na vida do povo. Tamb\u00e9m salientou o valor dos colaboradores que atuam na Confer\u00eancia e est\u00e3o \u201c\u00e0 servi\u00e7o da Igreja e do povo de Deus\u201d.<\/p>\n<p style=\"text-align: justify\">O bispo falou sobre o verdadeiro significado da festa do Natal, a celebra\u00e7\u00e3o do nascimento de Jesus. Ao recordar\u00a0a liturgia da missa da noite do dia 25 de dezembro, explicou sobre o momento de levar o menino Jesus \u00e0 manjedoura, o sentido da espera pelo Messias que vem.<\/p>\n<h3 style=\"text-align: justify\">Agradecimentos<\/h3>\n<p style=\"text-align: justify\">O subsecret\u00e1rio adjunto geral da CNBB, padre Ant\u00f4nio Silva da Paix\u00e3o, explicou que a proposta do dia de celebra\u00e7\u00e3o e confraterniza\u00e7\u00e3o na sede da CNBB tem por objetivo agradecer, de tr\u00eas modos: a Deus, \u00e0s pessoas que contribu\u00edram para o trabalho da entidade e aos que rezam pela CNBB.<\/p>\n<p style=\"text-align: justify\">\u201cPrimeiramente, agradecer a Deus que nos proporcionou um ano para o trabalho da CNBB e mesmo para os regionais, um ano muito feliz, mesmo a gente estando inserido no meio do mundo t\u00e3o complicado em 2015\u201d, disse padre Ant\u00f4nio. \u201cE \u00e9 a prova de que \u00e9 sempre poss\u00edvel no meio das dificuldades se fazer bem, viver bem, vencer as dificuldades essa \u00e9 gra\u00e7a que Deus nos deu e \u00e9 por isso que estamos aqui\u201d, completou.<\/p>\n<p style=\"text-align: justify\">No segundo ponto dos agradecimentos, padre Ant\u00f4nio destacou que foram \u201c muitas pessoas que, direta e indiretamente, contribu\u00edram\u201d para a atua\u00e7\u00e3o da CNBB. \u201cN\u00e3o s\u00f3 aqueles que est\u00e3o aqui presentes, mas a gente sabe o quanto que a presen\u00e7a da fam\u00edlia dos que trabalham conosco, dos nossos colaboradores, como \u00e9 que elas influem positivamente tamb\u00e9m nesse ano, nesse trabalho realizado\u201d, frisou.<\/p>\n<p style=\"text-align: justify\"><img decoding=\"async\" loading=\"lazy\" class=\" alignright size-full wp-image-27994\" style=\"float: right\" src=\"https:\/\/www.cnbb.org.br\/wp-content\/uploads\/2020\/03\/Celebracao-Natal1.jpg\" alt=\"\" width=\"236\" height=\"132\" \/>\u201cE por \u00faltimo, a tantas pessoas que todos os dias rezam por essa institui\u00e7\u00e3o que \u00e9 a CNBB. A gente tem not\u00edcias disso, de comunidades paroquiais, comunidades religiosas que n\u00e3o passam um \u00fanico dia sem rezar por n\u00f3s que trabalhamos aqui e de modo muito especial pelos bispos que exercem essa miss\u00e3o t\u00e3o necess\u00e1ria no meio desse mundo, desse pastoreio, de anunciar Jesus Cristo verdadeiramente\u201d, conta o subsecret\u00e1rio.\u00a0<\/p>\n<h3 style=\"text-align: justify\">Testemunho<\/h3>\n<p style=\"text-align: justify\">O respons\u00e1vel pelo setor de Almoxarifado da CNBB, di\u00e1cono Luiz Carlos da Silva, est\u00e1 h\u00e1 16 anos trabalhando na institui\u00e7\u00e3o. Ele compartilha um testemunho do tempo em que est\u00e1 a servi\u00e7o da entidade. \u201cS\u00e3o 16 natais vividos\u00a0aqui na Confer\u00eancia e cada ano que passa \u00e9 um aprendizado, primeiro com a pr\u00f3pria gest\u00e3o que vem e administra a casa, com os assessores, os colaboradores e o ponto de vista de cada um, mas converge sempre para Cristo. Eu passo esse Natal realizado, porque h\u00e1 dois anos me ordenei di\u00e1cono, tenho essa miss\u00e3o de levar as pessoas a Jesus, mas tamb\u00e9m encontr\u00e1-lo no pobre, naqueles que s\u00e3o exclu\u00eddos da sociedade\u201d, conta.<\/p>\n<p style=\"text-align: justify\">\u00a0<\/p>\n","protected":false},"excerpt":{"rendered":"<p>Dom Leonardo Steiner presidiu celebra\u00e7\u00e3o eucar\u00edstica em dia de confraterniza\u00e7\u00e3o<\/p>\n","protected":false},"author":83,"featured_media":17793,"comment_status":"open","ping_status":"open","sticky":false,"template":"","format":"standard","meta":{"site-sidebar-layout":"default","site-content-layout":"default","ast-global-header-display":"","ast-banner-title-visibility":"","ast-main-header-display":"","ast-hfb-above-header-display":"","ast-hfb-below-header-display":"","ast-hfb-mobile-header-display":"","site-post-title":"","ast-breadcrumbs-content":"","ast-featured-img":"","footer-sml-layout":"","theme-transparent-header-meta":"","adv-header-id-meta":"","stick-header-meta":"","header-above-stick-meta":"","header-main-stick-meta":"","header-below-stick-meta":""},"categories":[841],"tags":[],"acf":[],"_links":{"self":[{"href":"https:\/\/www.cnbb.org.br\/cnbb-app\/wp\/v2\/posts\/17792"}],"collection":[{"href":"https:\/\/www.cnbb.org.br\/cnbb-app\/wp\/v2\/posts"}],"about":[{"href":"https:\/\/www.cnbb.org.br\/cnbb-app\/wp\/v2\/types\/post"}],"author":[{"embeddable":true,"href":"https:\/\/www.cnbb.org.br\/cnbb-app\/wp\/v2\/users\/83"}],"replies":[{"embeddable":true,"href":"https:\/\/www.cnbb.org.br\/cnbb-app\/wp\/v2\/comments?post=17792"}],"version-history":[{"count":0,"href":"https:\/\/www.cnbb.org.br\/cnbb-app\/wp\/v2\/posts\/17792\/revisions"}],"wp:featuredmedia":[{"embeddable":true,"href":"https:\/\/www.cnbb.org.br\/cnbb-app\/wp\/v2\/media\/17793"}],"wp:attachment":[{"href":"https:\/\/www.cnbb.org.br\/cnbb-app\/wp\/v2\/media?parent=17792"}],"wp:term":[{"taxonomy":"category","embeddable":true,"href":"https:\/\/www.cnbb.org.br\/cnbb-app\/wp\/v2\/categories?post=17792"},{"taxonomy":"post_tag","embeddable":true,"href":"https:\/\/www.cnbb.org.br\/cnbb-app\/wp\/v2\/tags?post=17792"}],"curies":[{"name":"wp","href":"https:\/\/api.w.org\/{rel}","templated":true}]}}