{"id":17809,"date":"2014-12-10T00:00:00","date_gmt":"2014-12-10T02:00:00","guid":{"rendered":"https:\/\/www.cnbb.org.br\/campanha-de-evangelizacao-2-2\/"},"modified":"2020-03-11T20:11:53","modified_gmt":"2020-03-11T23:11:53","slug":"campanha-de-evangelizacao-2-2","status":"publish","type":"post","link":"https:\/\/www.cnbb.org.br\/campanha-de-evangelizacao-2-2\/","title":{"rendered":"Campanha de Evangeliza\u00e7\u00e3o"},"content":{"rendered":"<p style=\"text-align: right\"><strong>Cardeal Orani Jo\u00e3o Tempesta<br \/>\nArcebispo do Rio de Janeiro (RJ)<\/strong><\/p>\n<p style=\"text-align: justify\">No Terceiro Domingo do Advento, o domingo Gaudete, temos a coleta nacional para a evangeliza\u00e7\u00e3o, dentro da proposta da Campanha para a Evangeliza\u00e7\u00e3o, neste ano com o tema \u201cCristo \u00e9 nossa paz\u201d, abrindo assim o Ano Nacional da Paz, que ir\u00e1 at\u00e9 o Natal de 2015.<\/p>\n<p><!--more--><\/p>\n<p style=\"text-align: justify\">\n<p style=\"text-align: justify\">Evangelizar (&#8220;dar a boa not\u00edcia&#8221;) \u00e9 a grande tarefa da Igreja; \u00e9 para isso que ela foi fundada, enviada e sustentada pela for\u00e7a do Esp\u00edrito Santo. \u201cA Evangeliza\u00e7\u00e3o obedece ao mandato mission\u00e1rio de Jesus: \u201cIde, pois, fazei disc\u00edpulos de todos os povos, batizando-os em nome do Pai, do Filho e do Esp\u00edrito Santo, ensinando-os a cumprir tudo quanto vos tenho mandado\u201d (Mt 28, 19-20)\u201d. (EG 19)<\/p>\n<p style=\"text-align: justify\">Esta boa not\u00edcia n\u00e3o \u00e9 outra coisa a n\u00e3o ser o amor de Deus, um amor t\u00e3o incondicional, t\u00e3o absoluto, t\u00e3o veraz como a Cruz; um amor que n\u00e3o \u00e9 simplesmente &#8220;pela humanidade&#8221;, mas por mim e por voc\u00ea; um amor que n\u00e3o \u00e9 produto da gan\u00e2ncia ou da conquista pessoal, mas gratuidade benevolente do Senhor.<\/p>\n<p style=\"text-align: justify\">\u00c9 um amor gratuito, t\u00e3o gratuito que n\u00e3o \u00e9 merecido nem est\u00e1 sujeito \u00e0s mudan\u00e7as do nosso comportamento \u2013 ainda que necessariamente conduza a elas. N\u00e3o \u00e9 f\u00e1cil evangelizar, pois isso requer a experi\u00eancia pessoal do amor de Deus, da sua ternura, da sua compaix\u00e3o e do seu &#8220;fazer novas todas as coisas&#8221; em mim; sem isso, podemos simplesmente transmitir verdades de f\u00e9 reveladas pela Escritura, mas que correm o risco de nos tornar crist\u00e3os frios, desses que defendem conceitos, mas n\u00e3o permitem que estes transformem a pr\u00f3pria vida.<\/p>\n<p style=\"text-align: justify\">Evangelizar \u00e9 mostrar os bra\u00e7os abertos de Jesus na cruz, que diz: &#8220;Eu fiz tudo isso por voc\u00ea&#8221;. \u00c9 isso que realmente transforma o cora\u00e7\u00e3o e nos leva \u00e0 experi\u00eancia de uma vida nova. Evangelizar \u00e9 acender uma luz. Mas, como se acende esta luz? Mostrando a verdade. Que verdade? A verdade de uma pessoa, a verdade que \u00e9 Jesus: &#8220;Eu sou o caminho, a verdade e a vida&#8221;. S\u00f3 que este conhecimento da pessoa de Jesus n\u00e3o se limita a &#8220;saber coisas&#8221; sobre Ele, mas significa viver a experi\u00eancia do seu amor, compreender que o que Ele fez tem rela\u00e7\u00e3o direta comigo.<\/p>\n<p style=\"text-align: justify\">N\u00e3o se evangeliza enchendo a cabe\u00e7a de conceitos. Uma f\u00e9 que s\u00f3 toca a raz\u00e3o pode nos tornar fan\u00e1ticos; por outro lado, uma f\u00e9 que s\u00f3 toca as emo\u00e7\u00f5es pode nos tornar inst\u00e1veis. Mas uma f\u00e9 que toca a raz\u00e3o, a vontade e as emo\u00e7\u00f5es \u00e9 t\u00e3o poderosa que transforma a vida de maneira not\u00e1vel. \u00c9 aqui que o comportamento se transforma; \u00e9 aqui que se aprende que, pela f\u00e9, se entrega a pr\u00f3pria vida pelo bem dos outros.<\/p>\n<p style=\"text-align: justify\">Evangelizar \u00e9 declarar o amor de Deus a cada pessoa, para que esse amor leve \u00e0 convers\u00e3o. \u00c9 mostrar o rosto da Igreja: rosto da miseric\u00f3rdia e do respeito, rosto da bondade e do acolhimento, rosto daquela que \u00e9 M\u00e3e e Mestra. Ali\u00e1s, \u00e9 toda essa preocupa\u00e7\u00e3o que temos ouvido do Papa Francisco em seus discursos, escritos, homilias.<\/p>\n<p style=\"text-align: justify\">Fazer com que as pessoas percebam o seu valor para Deus n\u00e3o \u00e9 uma op\u00e7\u00e3o. S\u00e3o Paulo chega mesmo ao ponto de dizer \u201cAi de mim, se eu n\u00e3o evangelizar!\u201d (1 Cor\u00edntios 9,16). Para S. Paulo, a evangeliza\u00e7\u00e3o surge como a consequ\u00eancia direta da sua liga\u00e7\u00e3o a Cristo. Pela sua ressurrei\u00e7\u00e3o, Cristo une-nos a Deus de um modo insepar\u00e1vel. Ningu\u00e9m pode se sentir exclu\u00eddo desta uni\u00e3o. E, ao mesmo tempo, a humanidade j\u00e1 n\u00e3o se encontra fragmentada: desde a ressurrei\u00e7\u00e3o, pertencemos uns aos outros.<\/p>\n<p style=\"text-align: justify\">No entanto, a quest\u00e3o mant\u00e9m-se: como podemos anunciar essa Boa Nova a quem n\u00e3o conhece nada de Deus e parece nada esperar de Deus? Primeiro de tudo, pela nossa pr\u00f3pria liga\u00e7\u00e3o a Cristo. S. Paulo disse: \u201cV\u00f3s revestistes-vos de Cristo\u201d (G\u00e1latas 3,27). A evangeliza\u00e7\u00e3o apela a que comecemos por n\u00f3s pr\u00f3prios. \u00c9, sobretudo, com a nossa vida que damos testemunho da realidade da ressurrei\u00e7\u00e3o: \u201cAssim, posso conhec\u00ea-lo a ele, na for\u00e7a da sua ressurrei\u00e7\u00e3o e na comunh\u00e3o com os seus sofrimentos, conformando-me com ele na morte, para ver se atinjo a ressurrei\u00e7\u00e3o de entre os mortos\u201d (Filipenses 3,10-11). \u00c9 pela nossa certeza, pela nossa alegria serena em saber que somos amados por toda a eternidade, que Cristo se torna cred\u00edvel aos olhos daqueles que n\u00e3o O conhecem.<\/p>\n<p style=\"text-align: justify\">Por\u00e9m, h\u00e1 situa\u00e7\u00f5es em que as palavras s\u00e3o necess\u00e1rias. O Ap\u00f3stolo S\u00e3o Pedro diz isso muito bem: \u201cEstai sempre dispostos a dar a raz\u00e3o da vossa esperan\u00e7a a todo aquele que vo-la pe\u00e7a\u201d (1 Pedro 3,15). \u00c9 claro que falar de um amor \u00edntimo requer muita sensibilidade e, por vezes, \u00e9 dif\u00edcil encontrar as palavras corretas, especialmente em situa\u00e7\u00f5es em que a f\u00e9 \u00e9 fortemente posta em quest\u00e3o. Jesus tinha consci\u00eancia disso e disse aos seus disc\u00edpulos: \u201cQuando vos levarem (\u2026) \u00e0s autoridades, n\u00e3o vos preocupeis com o que haveis de dizer, pois o Esp\u00edrito Santo vos ensinar\u00e1, no momento pr\u00f3prio, o que deveis dizer\u201d (Lucas 12,11-12).<\/p>\n<p style=\"text-align: justify\">Porque Cristo se revestiu da nossa humanidade e n\u00f3s nos revestimos de Cristo, nunca dever\u00edamos ter medo de n\u00e3o saber como falar. A voca\u00e7\u00e3o crist\u00e3 de acolher todos sem discrimina\u00e7\u00e3o, em detrimento de escolher apenas aqueles que amamos, tem em si uma generosidade que \u00e9 tocante e, mais do que isso, que cobre o outro com a vida de Cristo. Enquanto servos, partilhamos o nosso manto com aqueles a quem servimos, \u00e0 semelhan\u00e7a do pr\u00f3prio Cristo que, quando lavou os p\u00e9s dos seus disc\u00edpulos, \u201ctirou o manto\u201d (Jo\u00e3o 13,4). \u00c9, acima de tudo, a gratuidade dos nossos atos que falar\u00e1 por n\u00f3s e que dar\u00e1 autenticidade \u00e0s palavras que proferimos.<\/p>\n<p style=\"text-align: justify\">Para melhor evidenciar a Evangeliza\u00e7\u00e3o e saber que somos Igreja em constante miss\u00e3o-evangeliza\u00e7\u00e3o, a Igreja no Brasil teve a iniciativa, desde o ano de 1998, de mobilizar os cat\u00f3licos a assumir a responsabilidade de participar da miss\u00e3o evangelizadora e da sustenta\u00e7\u00e3o das atividades pastorais da Igreja.<\/p>\n<p style=\"text-align: justify\">Neste ano, o lema da Campanha de Evangeliza\u00e7\u00e3o (CE) \u00e9: \u201cCristo \u00e9 nossa paz\u201d, apropriado para o tempo do Advento no in\u00edcio do ano lit\u00fargico e na abertura do Ano Nacional da Paz. Esta campanha acontece justamente num per\u00edodo de prepara\u00e7\u00e3o para o Natal, entre pessoas, fam\u00edlias e na sociedade em geral. A campanha assumiu o tema: \u201cEvangeli.J\u00e1\u201d, que faz refer\u00eancia \u00e0 palavra evangelizar e a urg\u00eancia da evangeliza\u00e7\u00e3o e da coopera\u00e7\u00e3o de todos.<\/p>\n<p style=\"text-align: justify\">M\u00e3os \u00e0 obra&#8230; e sejamos todos generosos para ajudar a evangelizar aonde se tem car\u00eancia de recursos. Neste Terceiro Domingo do Advento, o Domingo Gaudete, participemos conscientemente da coleta para a evangeliza\u00e7\u00e3o! Deus aben\u00e7oe a sua generosidade!<\/p>\n","protected":false},"excerpt":{"rendered":"<p>Cardeal Orani Jo\u00e3o Tempesta Arcebispo do Rio de Janeiro (RJ) No Terceiro Domingo do Advento, o domingo Gaudete, temos a coleta nacional para a evangeliza\u00e7\u00e3o, dentro da proposta da Campanha para a Evangeliza\u00e7\u00e3o, neste ano com o tema \u201cCristo \u00e9 nossa paz\u201d, abrindo assim o Ano Nacional da Paz, que ir\u00e1 at\u00e9 o Natal de &hellip;<\/p>\n<p class=\"read-more\"> <a class=\"\" href=\"https:\/\/www.cnbb.org.br\/campanha-de-evangelizacao-2-2\/\"> <span class=\"screen-reader-text\">Campanha de Evangeliza\u00e7\u00e3o<\/span> Leia mais &raquo;<\/a><\/p>\n","protected":false},"author":83,"featured_media":0,"comment_status":"open","ping_status":"open","sticky":false,"template":"","format":"standard","meta":{"site-sidebar-layout":"default","site-content-layout":"default","ast-global-header-display":"","ast-banner-title-visibility":"","ast-main-header-display":"","ast-hfb-above-header-display":"","ast-hfb-below-header-display":"","ast-hfb-mobile-header-display":"","site-post-title":"","ast-breadcrumbs-content":"","ast-featured-img":"","footer-sml-layout":"","theme-transparent-header-meta":"","adv-header-id-meta":"","stick-header-meta":"","header-above-stick-meta":"","header-main-stick-meta":"","header-below-stick-meta":""},"categories":[759,761],"tags":[],"acf":[],"_links":{"self":[{"href":"https:\/\/www.cnbb.org.br\/cnbb-app\/wp\/v2\/posts\/17809"}],"collection":[{"href":"https:\/\/www.cnbb.org.br\/cnbb-app\/wp\/v2\/posts"}],"about":[{"href":"https:\/\/www.cnbb.org.br\/cnbb-app\/wp\/v2\/types\/post"}],"author":[{"embeddable":true,"href":"https:\/\/www.cnbb.org.br\/cnbb-app\/wp\/v2\/users\/83"}],"replies":[{"embeddable":true,"href":"https:\/\/www.cnbb.org.br\/cnbb-app\/wp\/v2\/comments?post=17809"}],"version-history":[{"count":0,"href":"https:\/\/www.cnbb.org.br\/cnbb-app\/wp\/v2\/posts\/17809\/revisions"}],"wp:attachment":[{"href":"https:\/\/www.cnbb.org.br\/cnbb-app\/wp\/v2\/media?parent=17809"}],"wp:term":[{"taxonomy":"category","embeddable":true,"href":"https:\/\/www.cnbb.org.br\/cnbb-app\/wp\/v2\/categories?post=17809"},{"taxonomy":"post_tag","embeddable":true,"href":"https:\/\/www.cnbb.org.br\/cnbb-app\/wp\/v2\/tags?post=17809"}],"curies":[{"name":"wp","href":"https:\/\/api.w.org\/{rel}","templated":true}]}}