{"id":17818,"date":"2009-04-02T00:00:00","date_gmt":"2009-04-02T03:00:00","guid":{"rendered":"https:\/\/www.cnbb.org.br\/peregrinacao-nacional-da-familia-em-favor-da-vida\/"},"modified":"2020-03-11T16:48:56","modified_gmt":"2020-03-11T19:48:56","slug":"peregrinacao-nacional-da-familia-em-favor-da-vida","status":"publish","type":"post","link":"https:\/\/www.cnbb.org.br\/peregrinacao-nacional-da-familia-em-favor-da-vida\/","title":{"rendered":"Peregrina\u00e7\u00e3o Nacional da Fam\u00edlia em Favor da Vida"},"content":{"rendered":"<p style=\"text-align: justify\">\u201cFam\u00edlia Disc\u00edpula e Mission\u00e1ria a Servi\u00e7o da Vida\u201d. Com este tema Aparecida (SP) vai sediar a Peregrina\u00e7\u00e3o Nacional em Favor da Fam\u00edlia no dia 24 de maio. A cidade foi<\/p>\n<p><!--more--><\/p>\n<p style=\"text-align: justify\">escolhida por ter Maria como padroeira e pela sua import\u00e2ncia religiosa para o Brasil.<\/p>\n<p style=\"text-align: justify\">Para a Pastoral Familiar, o evento ser\u00e1 a ocasi\u00e3o de o povo brasileiro demonstrar \u201cque \u00e9 na fam\u00edlia onde se d\u00e1 e se recebe ternura, carinho, apre\u00e7o, seguran\u00e7a e generosidade\u201d.<\/p>\n<p style=\"text-align: justify\">Ainda segundo a Pastoral, trata-se de uma forma de fazer com que os interesses da fam\u00edlia e da vida possam marcar presen\u00e7a nas pol\u00edticas p\u00fablicas gestadas no pa\u00eds.<\/p>\n<p style=\"text-align: justify\">A mobiliza\u00e7\u00e3o nacional pretende reunir fam\u00edlias de todo o pa\u00eds, a partir da Pastoral Familiar, dos movimentos da Igreja, servi\u00e7os e institutos de fam\u00edlia para animar o encontro. Comunidades de todo o Brasil j\u00e1 come\u00e7aram a organizar suas caravanas.<\/p>\n<p style=\"text-align: justify\">A programa\u00e7\u00e3o come\u00e7a no s\u00e1bado, 23 de maio, com o momento de catequese, testemunho e apresenta\u00e7\u00e3o musical, com Ant\u00f4nio Cardoso. \u00c0s 18h haver\u00e1 prociss\u00e3o at\u00e9 a tribuna do papa Bento XVI para ora\u00e7\u00e3o do ter\u00e7o meditado e, \u00e0s 19h, acontecer\u00e1 a missa na Bas\u00edlica Nacional, com prociss\u00e3o luminosa, em seguida.<\/p>\n<p style=\"text-align: justify\">No domingo, 24, os participantes se reunir\u00e3o para a \u201cGrande Concentra\u00e7\u00e3o em Favor da Fam\u00edlia\u201d. \u00c0s 8h ter\u00e1 lugar a celebra\u00e7\u00e3o eucar\u00edstica na Bas\u00edlica. Na tribuna Alo\u00edsio Lorscheider acontecer\u00e1 o show da fam\u00edlia em favor da vida, com testemunhos familiares e apresenta\u00e7\u00f5es musicais animadas pelo padre Reginaldo Mangotti. As TVs cat\u00f3licas transmitir\u00e3o o evento.<\/p>\n","protected":false},"excerpt":{"rendered":"<p>\u201cFam\u00edlia Disc\u00edpula e Mission\u00e1ria a Servi\u00e7o da Vida\u201d. Com este tema Aparecida (SP) vai sediar a Peregrina\u00e7\u00e3o Nacional em Favor da Fam\u00edlia no dia 24 de maio. A cidade foi<\/p>\n","protected":false},"author":83,"featured_media":17819,"comment_status":"open","ping_status":"open","sticky":false,"template":"","format":"standard","meta":{"site-sidebar-layout":"default","site-content-layout":"default","ast-global-header-display":"","ast-banner-title-visibility":"","ast-main-header-display":"","ast-hfb-above-header-display":"","ast-hfb-below-header-display":"","ast-hfb-mobile-header-display":"","site-post-title":"","ast-breadcrumbs-content":"","ast-featured-img":"","footer-sml-layout":"","theme-transparent-header-meta":"","adv-header-id-meta":"","stick-header-meta":"","header-above-stick-meta":"","header-main-stick-meta":"","header-below-stick-meta":""},"categories":[777],"tags":[],"acf":[],"_links":{"self":[{"href":"https:\/\/www.cnbb.org.br\/cnbb-app\/wp\/v2\/posts\/17818"}],"collection":[{"href":"https:\/\/www.cnbb.org.br\/cnbb-app\/wp\/v2\/posts"}],"about":[{"href":"https:\/\/www.cnbb.org.br\/cnbb-app\/wp\/v2\/types\/post"}],"author":[{"embeddable":true,"href":"https:\/\/www.cnbb.org.br\/cnbb-app\/wp\/v2\/users\/83"}],"replies":[{"embeddable":true,"href":"https:\/\/www.cnbb.org.br\/cnbb-app\/wp\/v2\/comments?post=17818"}],"version-history":[{"count":0,"href":"https:\/\/www.cnbb.org.br\/cnbb-app\/wp\/v2\/posts\/17818\/revisions"}],"wp:featuredmedia":[{"embeddable":true,"href":"https:\/\/www.cnbb.org.br\/cnbb-app\/wp\/v2\/media\/17819"}],"wp:attachment":[{"href":"https:\/\/www.cnbb.org.br\/cnbb-app\/wp\/v2\/media?parent=17818"}],"wp:term":[{"taxonomy":"category","embeddable":true,"href":"https:\/\/www.cnbb.org.br\/cnbb-app\/wp\/v2\/categories?post=17818"},{"taxonomy":"post_tag","embeddable":true,"href":"https:\/\/www.cnbb.org.br\/cnbb-app\/wp\/v2\/tags?post=17818"}],"curies":[{"name":"wp","href":"https:\/\/api.w.org\/{rel}","templated":true}]}}