{"id":17830,"date":"2009-10-05T00:00:00","date_gmt":"2009-10-05T03:00:00","guid":{"rendered":"https:\/\/www.cnbb.org.br\/carta-as-familias\/"},"modified":"2020-03-11T16:48:55","modified_gmt":"2020-03-11T19:48:55","slug":"carta-as-familias","status":"publish","type":"post","link":"https:\/\/www.cnbb.org.br\/carta-as-familias\/","title":{"rendered":"Carta \u00e0s Fam\u00edlias"},"content":{"rendered":"<p style=\"text-align: justify\">Estamos no Ano Sacerdotal &#8211; ano de ora\u00e7\u00e3o pela santifica\u00e7\u00e3o dos sacerdotes; ano para pedir ao Senhor que envie oper\u00e1rios para sua messe; ano para os pr\u00f3prios padres buscarem, com renovada disposi\u00e7\u00e3o, os caminhos da santidade.<\/p>\n<p><!--more--><\/p>\n<p style=\"text-align: justify\">Nossos seminaristas e nossos padres nasceram numa fam\u00edlia e nela passaram importantes anos de sua forma\u00e7\u00e3o. Como diz o Conc\u00edlio Vaticano II, \u201cAs fam\u00edlias, animadas pelo esp\u00edrito de f\u00e9, de caridade e piedade, s\u00e3o como que o primeiro semin\u00e1rio\u201d (OT 2). N\u00e3o \u00e9 poss\u00edvel, pois, falar em voca\u00e7\u00f5es sacerdotais sem fazer uma refer\u00eancia imediata \u00e0 fam\u00edlia.<\/p>\n<p style=\"text-align: justify\">Por isso, caros pais, pensei escrever-lhes esta carta. Convido-os, ent\u00e3o, a abrir o Evangelho de Mateus, para recordar como foi o chamado dos primeiros disc\u00edpulos de Jesus:<\/p>\n<p style=\"text-align: justify\">\u201cCaminhando \u00e0 beira do mar da Galil\u00e9ia, Jesus viu dois irm\u00e3os: Sim\u00e3o, chamado Pedro, e seu irm\u00e3o Andr\u00e9. Estavam jogando as redes ao mar, pois eram pescadores. Jesus disse-lhes: &#8216;Segui-me, e eu farei de v\u00f3s pescadores de homens\u00b4. Eles, imediatamente, deixaram as redes e o seguiram. Prosseguindo adiante, viu outros dois irm\u00e3os: Tiago, filho de Zebedeu, e seu irm\u00e3o Jo\u00e3o. Estavam no barco, com seu pai Zebedeu, consertando as redes. Ele os chamou. Deixando imediatamente o barco e o pai, eles o seguiram.\u201d (Mateus\u00a0 4,18-22).<\/p>\n<h4 style=\"text-align: justify\">Os filhos de Zebedeu<\/h4>\n<p style=\"text-align: justify\">Jesus sempre passa pelos caminhos dos homens. Por onde passa lan\u00e7a o seu convite. Ao chamar seus primeiros disc\u00edpulos, Jesus n\u00e3o lhes deu garantias de um futuro feliz nem lhes assegurou uma vida sem problemas. E, no entanto, tocados pelo seu olhar e pela firmeza de seu convite,\u00a0 Sim\u00e3o, Andr\u00e9, Tiago e Jo\u00e3o o seguiram imediatamente.<\/p>\n<p style=\"text-align: justify\">Quero voltar minha aten\u00e7\u00e3o para Zebedeu, o pai de Tiago e Jo\u00e3o. Vendo seus filhos partirem, assim de repente, o que teria pensado? Que perguntas se multiplicaram em seu cora\u00e7\u00e3o? (Talvez: E agora, como vou pescar sem eles? O que far\u00e3o? O que lhes acontecer\u00e1? E as saudades que v\u00e3o deixar?&#8230;). Imagino a cena que se seguiu: dominado pela surpresa, Zebedeu foi para a casa, sabendo que teria uma dif\u00edcil miss\u00e3o pela frente: explicar para sua esposa o que tinha acontecido com os filhos. Deve ter-lhe falado mais ou menos assim: Nossos dois filhos estavam me ajudando a consertar as redes; a\u00ed passou Jesus de Nazar\u00e9, convidou-os a segui-lo, afirmando que agora eles seriam pescadores de homens. Pois n\u00e3o \u00e9 que imediatamente eles deixaram as redes de lado, me deixaram e o seguiram?&#8230;<\/p>\n<p style=\"text-align: justify\">Zebedeu e sua esposa teriam entendido a voca\u00e7\u00e3o dos filhos? Naquela hora, certamente n\u00e3o! Penso, contudo, que a partir da\u00ed passaram a se interessar por tudo o que se falava de Jesus e devem at\u00e9 t\u00ea-lo acompanhado. Um dia, inclusive, a m\u00e3e de Tiago e Jo\u00e3o, ou, como a denomina o evangelista Mateus, \u201ca m\u00e3e dos filhos de Zebedeu\u201d (Mt 20,20), com a ousadia e a ingenuidade pr\u00f3prias das m\u00e3es quando defendem seus filhos,\u00a0 foi com eles ao encontro de Jesus e prostrou-se para lhe fazer um pedido. Jesus lhe perguntou: &#8216;O que queres?&#8217; Foi a oportunidade que ela esperava para pedir a Jesus que seus filhos ocupassem um lugar de honra neste Reino do qual ele tanto falava. Foi, tamb\u00e9m, a oportunidade para Jesus dar a ela e a seus disc\u00edpulos dois importantes ensinamentos. O primeiro: participar de seu Reino significava sofrer com ele. O segundo ensinamento: para ser o maior nesse Reino seria preciso servir melhor os outros, \u201cpois o Filho do Homem n\u00e3o veio para ser servido, mas para servir e dar a vida em resgate por muitos\u201d (Mt 20, 28). Ela entendeu; tanto assim que, por ocasi\u00e3o da morte do Senhor, estava com a M\u00e3e de Jesus e outras mulheres no alto do Calv\u00e1rio.<\/p>\n<h4 style=\"text-align: justify\">Li\u00e7\u00f5es que ficam<\/h4>\n<p style=\"text-align: justify\">Voc\u00eas, pais, querem o melhor para os seus filhos. Se pudessem, tirariam todas as pedras de seus caminhos. Os pais de Tiago e Jo\u00e3o n\u00e3o deviam pensar diferente. Quando, por\u00e9m, entenderam que o mais importante n\u00e3o era eles realizarem seus sonhos, mas, sim, os sonhos de Deus, tudo mudou. Porque colaboraram com a obra de Jesus, deram a seus filhos as condi\u00e7\u00f5es necess\u00e1rias para responderem, com generosidade, \u00e0 voca\u00e7\u00e3o que haviam recebido.<\/p>\n<p style=\"text-align: justify\">Que li\u00e7\u00f5es poderemos tirar desses fatos? Destaco cinco:<\/p>\n<div style=\"text-align: justify\">\n<ol>\n<li>1\u00aa li\u00e7\u00e3o: quando se trata dos filhos, a pergunta mais importante que voc\u00eas podem e devem fazer, \u00e9: O que Deus pensa a respeito deles?\u00a0 Isto \u00e9: o que Ele sonha para eles? Quais os planos que tem para eles? Afinal, por que e para que os criou?&#8230;<\/li>\n<li>2\u00aa li\u00e7\u00e3o: Jesus Cristo, enviado pelo Pai para apresentar o Reino de Deus a todos, continua passando pelos caminhos dos homens, convidando alguns a segui-lo. Se Jesus chamar seu filho para o sacerd\u00f3cio, qual sua rea\u00e7\u00e3o e resposta?<\/li>\n<li>3\u00aa li\u00e7\u00e3o: N\u00e3o basta esperar que Jesus chame; os pais t\u00eam um importante papel na voca\u00e7\u00e3o sacerdotal de seus filhos. Sem sua colabora\u00e7\u00e3o direta, com ora\u00e7\u00f5es, com a entrega de seus filhos a Deus, com a preocupa\u00e7\u00e3o de criarem um clima vocacional em seus lares, Jesus poder\u00e1 at\u00e9 chamar um jovem para segui-lo; contudo, facilmente ele buscar\u00e1 desculpas para continuar consertando as redes \u2013 isto \u00e9, para continuar fechado em seu mundo e em seus pr\u00f3prios planos. Como criar em seu lar um ambiente em que o convite de Jesus possa ser ouvido e respondido?<\/li>\n<li>4\u00aa li\u00e7\u00e3o: A voca\u00e7\u00e3o sacerdotal \u00e9 fruto de ora\u00e7\u00e3o. Jesus ordenou: \u201cPedi ao Senhor da colheita que envie trabalhadores para sua colheita\u201d (Mt 9,38). Em sua fam\u00edlia, reza-se pelas voca\u00e7\u00f5es?<\/li>\n<li>5\u00aa li\u00e7\u00e3o: A voca\u00e7\u00e3o sacerdotal \u00e9 um dom para a fam\u00edlia, para a Igreja e o mundo. Nem todas as fam\u00edlias recebem esse dom. Pode-se, contudo, al\u00e9m de rezar pelas voca\u00e7\u00f5es, \u201cadotar\u201d um padre, rezando por sua santifica\u00e7\u00e3o e seu minist\u00e9rio. Sua fam\u00edlia est\u00e1 disposta a fazer tal ado\u00e7\u00e3o?<\/li>\n<\/ol>\n<\/div>\n<p style=\"text-align: justify\">Sou-lhes grato por terem aberto as portas de sua casa e de seu cora\u00e7\u00e3o para que por elas eu pudesse entrar. Minha gratid\u00e3o se manifesta num gesto: dou-lhes minha b\u00ean\u00e7\u00e3o, extensiva a seus filhos e \u00e0s pessoas que lhes s\u00e3o caras. \u201cPara voc\u00eas, gra\u00e7a e paz da parte de Deus, nosso Pai, e do Senhor Jesus Cristo\u201d (1Cor 1,3).<\/p>\n<h4 style=\"text-align: right\">Dom Murilo Sebasti\u00e3o Ramos Krieger<\/h4>\n","protected":false},"excerpt":{"rendered":"<p>Estamos no Ano Sacerdotal &#8211; ano de ora\u00e7\u00e3o pela santifica\u00e7\u00e3o dos sacerdotes; ano para pedir ao Senhor que envie oper\u00e1rios para sua messe; ano para os pr\u00f3prios padres buscarem, com renovada disposi\u00e7\u00e3o, os caminhos da santidade.<\/p>\n","protected":false},"author":83,"featured_media":0,"comment_status":"open","ping_status":"open","sticky":false,"template":"","format":"standard","meta":{"site-sidebar-layout":"default","site-content-layout":"default","ast-global-header-display":"","ast-banner-title-visibility":"","ast-main-header-display":"","ast-hfb-above-header-display":"","ast-hfb-below-header-display":"","ast-hfb-mobile-header-display":"","site-post-title":"","ast-breadcrumbs-content":"","ast-featured-img":"","footer-sml-layout":"","theme-transparent-header-meta":"","adv-header-id-meta":"","stick-header-meta":"","header-above-stick-meta":"","header-main-stick-meta":"","header-below-stick-meta":""},"categories":[777],"tags":[],"acf":[],"_links":{"self":[{"href":"https:\/\/www.cnbb.org.br\/cnbb-app\/wp\/v2\/posts\/17830"}],"collection":[{"href":"https:\/\/www.cnbb.org.br\/cnbb-app\/wp\/v2\/posts"}],"about":[{"href":"https:\/\/www.cnbb.org.br\/cnbb-app\/wp\/v2\/types\/post"}],"author":[{"embeddable":true,"href":"https:\/\/www.cnbb.org.br\/cnbb-app\/wp\/v2\/users\/83"}],"replies":[{"embeddable":true,"href":"https:\/\/www.cnbb.org.br\/cnbb-app\/wp\/v2\/comments?post=17830"}],"version-history":[{"count":0,"href":"https:\/\/www.cnbb.org.br\/cnbb-app\/wp\/v2\/posts\/17830\/revisions"}],"wp:attachment":[{"href":"https:\/\/www.cnbb.org.br\/cnbb-app\/wp\/v2\/media?parent=17830"}],"wp:term":[{"taxonomy":"category","embeddable":true,"href":"https:\/\/www.cnbb.org.br\/cnbb-app\/wp\/v2\/categories?post=17830"},{"taxonomy":"post_tag","embeddable":true,"href":"https:\/\/www.cnbb.org.br\/cnbb-app\/wp\/v2\/tags?post=17830"}],"curies":[{"name":"wp","href":"https:\/\/api.w.org\/{rel}","templated":true}]}}