{"id":17842,"date":"2010-05-31T00:00:00","date_gmt":"2010-05-31T03:00:00","guid":{"rendered":"https:\/\/www.cnbb.org.br\/familia-nao-e-invencao-humana-e-criacao-de-deus-destaca-dom-dimas-lara-na-2o-peregrinacao-nacional-das-familias\/"},"modified":"2020-03-11T16:48:52","modified_gmt":"2020-03-11T19:48:52","slug":"familia-nao-e-invencao-humana-e-criacao-de-deus-destaca-dom-dimas-lara-na-2o-peregrinacao-nacional-das-familias","status":"publish","type":"post","link":"https:\/\/www.cnbb.org.br\/familia-nao-e-invencao-humana-e-criacao-de-deus-destaca-dom-dimas-lara-na-2o-peregrinacao-nacional-das-familias\/","title":{"rendered":"\u201cFam\u00edlia n\u00e3o \u00e9 inven\u00e7\u00e3o humana, \u00e9 cria\u00e7\u00e3o de Deus\u201d, destaca dom Dimas Lara"},"content":{"rendered":"<p style=\"text-align: justify\">\u201cFam\u00edlia \u00e9 patrim\u00f4nio da humanidade, j\u00e1 disse o papa Bento XVI. Est\u00e1 na hora de come\u00e7armos a resgatar este patrim\u00f4nio, n\u00e3o apenas hist\u00f3rico, mas que brota do pr\u00f3prio cora\u00e7\u00e3o de Deus. Fam\u00edlia n\u00e3o \u00e9 inven\u00e7\u00e3o humana, \u00e9 cria\u00e7\u00e3o do pr\u00f3prio Deus sonhada desde toda eternidade, desde toda cria\u00e7\u00e3o\u201d, ressaltou dom Dimas por ocasi\u00e3o da 2\u00aa Peregrina\u00e7\u00e3o Nacional das Fam\u00edlias, evento que aconteceu nos dias 29 e 30, em Aparecida (SP).<\/p>\n<p><!--more--><\/p>\n<p style=\"text-align: justify\">Romarias de v\u00e1rias partes do Brasil estiveram presentes durante todo o domingo, 30, nas Celebra\u00e7\u00f5es Eucar\u00edsticas que aconteceram no Santu\u00e1rio Nacional Nossa Senhora Aparecida. A peregrina\u00e7\u00e3o \u00e9 organizada pela Comiss\u00e3o Episcopal para a Vida e a Fam\u00edlia da CNBB.<br \/>\nO tema do evento deste ano foi \u201cFam\u00edlia, formadora dos valores humanos e crist\u00e3os\u201d. Muitos bispos e sacerdotes acompanharam as romarias de suas dioceses e par\u00f3quias.<\/p>\n<p style=\"text-align: justify\">Na celebra\u00e7\u00e3o das 10h, o secret\u00e1rio geral da Confer\u00eancia Nacional dos Bispos do Brasil (CNBB), dom Dimas Lara Barbosa, lembrou que as fam\u00edlias do nosso pa\u00eds s\u00e3o chamadas a viver em comunh\u00e3o com a Sant\u00edssima Trindade.<\/p>\n<p style=\"text-align: justify\">Para o arcebispo de S\u00e3o Paulo, cardeal dom Odilo Pedro Scherer, a fam\u00edlia \u00e9 a base de tudo e \u00e9 insubstitu\u00edvel. \u201cA fam\u00edlia \u00e9 important\u00edssima e insubstitu\u00edvel na forma\u00e7\u00e3o da pessoa, por isso refletimos que \u00e9 formadora de valores humanos e crist\u00e3os\u201d.<\/p>\n<p style=\"text-align: justify\">Estiveram presentes o arcebispo de S\u00e3o Paulo, cardeal dom Odilo Pedro Scherer; o arcebispo de Aparecida, dom Raymundo Damasceno; o bispo auxiliar do Rio de Janeiro, dom Ant\u00f4nio Augusto Dias Duarte; o bispo auxiliar de Salvador, dom Jo\u00e3o Carlos Petrini; o bispo respons\u00e1vel pela Pastoral Familiar no estado de S\u00e3o Paulo, dom Paulo Roxo; o bispo de Jata\u00ed (GO), dom Jos\u00e9 Luiz Majella Delgado; o bispo de Santo Andr\u00e9 (SP) e presidente do Regional Sul 1 da CNBB, dom Nelson Westrupp.<\/p>\n<h4 style=\"text-align: justify\">2009<\/h4>\n<p style=\"text-align: justify\">A primeira Peregrina\u00e7\u00e3o Nacional da Fam\u00edlia aconteceu no dia 24 de maio de 2009 e reuniu 130 mil pessoas no Santu\u00e1rio Nacional de Nossa Senhora Aparecida, sendo que pelo menos 40 mil participaram diretamente do evento. Na ocasi\u00e3o, o presidente da Comiss\u00e3o Episcopal para a Vida e a Fam\u00edlia da CNBB, dom Orlando Brandes, afirmou que o evento tinha por objetivo \u201cdespertar o brasileiro para o valor\u00a0 e a centralidade da fam\u00edlia diante de tantas crises que passamos na atualidade\u201d. Ele disse ainda que \u201cesse evento s\u00f3 vem confirmar a necessidade de defender a fam\u00edlia, fortalecer, ajudar e apoiar os congressistas para observarem o seu valor primordial, para que assim eles possam ter base para aprovar urgentemente as causas de t\u00e3o importante parcela da popula\u00e7\u00e3o brasileira\u201d.<\/p>\n","protected":false},"excerpt":{"rendered":"<p>\u201cFam\u00edlia \u00e9 patrim\u00f4nio da humanidade, j\u00e1 disse o papa Bento XVI. Est\u00e1 na hora de come\u00e7armos a resgatar este patrim\u00f4nio, n\u00e3o apenas hist\u00f3rico, mas que brota do pr\u00f3prio cora\u00e7\u00e3o de Deus. Fam\u00edlia n\u00e3o \u00e9 inven\u00e7\u00e3o humana, \u00e9 cria\u00e7\u00e3o do pr\u00f3prio Deus sonhada desde toda eternidade, desde toda cria\u00e7\u00e3o\u201d, ressaltou dom Dimas por ocasi\u00e3o da 2\u00aa &hellip;<\/p>\n<p class=\"read-more\"> <a class=\"\" href=\"https:\/\/www.cnbb.org.br\/familia-nao-e-invencao-humana-e-criacao-de-deus-destaca-dom-dimas-lara-na-2o-peregrinacao-nacional-das-familias\/\"> <span class=\"screen-reader-text\">\u201cFam\u00edlia n\u00e3o \u00e9 inven\u00e7\u00e3o humana, \u00e9 cria\u00e7\u00e3o de Deus\u201d, destaca dom Dimas Lara<\/span> Leia mais &raquo;<\/a><\/p>\n","protected":false},"author":83,"featured_media":17843,"comment_status":"open","ping_status":"open","sticky":false,"template":"","format":"standard","meta":{"site-sidebar-layout":"default","site-content-layout":"default","ast-global-header-display":"","ast-banner-title-visibility":"","ast-main-header-display":"","ast-hfb-above-header-display":"","ast-hfb-below-header-display":"","ast-hfb-mobile-header-display":"","site-post-title":"","ast-breadcrumbs-content":"","ast-featured-img":"","footer-sml-layout":"","theme-transparent-header-meta":"","adv-header-id-meta":"","stick-header-meta":"","header-above-stick-meta":"","header-main-stick-meta":"","header-below-stick-meta":""},"categories":[777],"tags":[],"acf":[],"_links":{"self":[{"href":"https:\/\/www.cnbb.org.br\/cnbb-app\/wp\/v2\/posts\/17842"}],"collection":[{"href":"https:\/\/www.cnbb.org.br\/cnbb-app\/wp\/v2\/posts"}],"about":[{"href":"https:\/\/www.cnbb.org.br\/cnbb-app\/wp\/v2\/types\/post"}],"author":[{"embeddable":true,"href":"https:\/\/www.cnbb.org.br\/cnbb-app\/wp\/v2\/users\/83"}],"replies":[{"embeddable":true,"href":"https:\/\/www.cnbb.org.br\/cnbb-app\/wp\/v2\/comments?post=17842"}],"version-history":[{"count":0,"href":"https:\/\/www.cnbb.org.br\/cnbb-app\/wp\/v2\/posts\/17842\/revisions"}],"wp:featuredmedia":[{"embeddable":true,"href":"https:\/\/www.cnbb.org.br\/cnbb-app\/wp\/v2\/media\/17843"}],"wp:attachment":[{"href":"https:\/\/www.cnbb.org.br\/cnbb-app\/wp\/v2\/media?parent=17842"}],"wp:term":[{"taxonomy":"category","embeddable":true,"href":"https:\/\/www.cnbb.org.br\/cnbb-app\/wp\/v2\/categories?post=17842"},{"taxonomy":"post_tag","embeddable":true,"href":"https:\/\/www.cnbb.org.br\/cnbb-app\/wp\/v2\/tags?post=17842"}],"curies":[{"name":"wp","href":"https:\/\/api.w.org\/{rel}","templated":true}]}}