{"id":17851,"date":"2010-08-05T00:00:00","date_gmt":"2010-08-05T03:00:00","guid":{"rendered":"https:\/\/www.cnbb.org.br\/semana-nacional-da-familia-comeca-no-domingo\/"},"modified":"2020-03-11T16:48:51","modified_gmt":"2020-03-11T19:48:51","slug":"semana-nacional-da-familia-comeca-no-domingo","status":"publish","type":"post","link":"https:\/\/www.cnbb.org.br\/semana-nacional-da-familia-comeca-no-domingo\/","title":{"rendered":"Semana Nacional da Fam\u00edlia come\u00e7a no domingo"},"content":{"rendered":"<p style=\"text-align: justify\">\u201cFam\u00edlia, formadora de valores humanos e crist\u00e3os\u201d. Este \u00e9 o tema da Semana Nacional da Fam\u00edlia, que come\u00e7a no pr\u00f3ximo domingo, 8, dia dos pais. Esta \u00e9 a 14\u00aa edi\u00e7\u00e3o do evento e repete o tema do 6\u00ba Encontro Mundial das Fam\u00edlias, que aconteceu no M\u00e9xico, em janeiro de 2009.<\/p>\n<p><!--more--><\/p>\n<p style=\"text-align: justify\">\u201cNessa semana, as comunidades eclesiais, escolas, clubes, associa\u00e7\u00f5es, animadas pela Pastoral Familiar, t\u00eam um espa\u00e7o para preparar e organizar programa\u00e7\u00f5es diversas, revigorando a integra\u00e7\u00e3o familiar e ressaltando as virtudes e valores da fam\u00edlia<br \/>\n\u201c, disse o presidente da Comiss\u00e3o Episcopal para a Vida e a Fam\u00edlia da CNBB, dom Orlando Brandes.<\/p>\n<p>\u201cQueremos criar cada vez mais a tradi\u00e7\u00e3o da Semana Nacional da Fam\u00edlia, nas dioceses e nas par\u00f3quias de todo o Brasil. Fazer com que as fam\u00edlias possam refletir sobre os temas, n\u00e3o somente na Semana Nacional, mas todos os dias\u201d, completou dom Orlando.<\/p>\n<p>Durante a semana, as par\u00f3quias trabalhar\u00e3o o tema de acordo com o livro \u201cA Hora da Fam\u00edlia 2010\u201d, elaborado pela Comiss\u00e3o. O livro traz roteiros para celebra\u00e7\u00f5es nos lares, nos grupos e escolas.<\/p>\n","protected":false},"excerpt":{"rendered":"<p>\u201cFam\u00edlia, formadora de valores humanos e crist\u00e3os\u201d. Este \u00e9 o tema da Semana Nacional da Fam\u00edlia, que come\u00e7a no pr\u00f3ximo domingo, 8, dia dos pais. Esta \u00e9 a 14\u00aa edi\u00e7\u00e3o do evento e repete o tema do 6\u00ba Encontro Mundial das Fam\u00edlias, que aconteceu no M\u00e9xico, em janeiro de 2009.<\/p>\n","protected":false},"author":83,"featured_media":17852,"comment_status":"open","ping_status":"open","sticky":false,"template":"","format":"standard","meta":{"site-sidebar-layout":"default","site-content-layout":"default","ast-global-header-display":"","ast-banner-title-visibility":"","ast-main-header-display":"","ast-hfb-above-header-display":"","ast-hfb-below-header-display":"","ast-hfb-mobile-header-display":"","site-post-title":"","ast-breadcrumbs-content":"","ast-featured-img":"","footer-sml-layout":"","theme-transparent-header-meta":"","adv-header-id-meta":"","stick-header-meta":"","header-above-stick-meta":"","header-main-stick-meta":"","header-below-stick-meta":""},"categories":[777],"tags":[],"acf":[],"_links":{"self":[{"href":"https:\/\/www.cnbb.org.br\/cnbb-app\/wp\/v2\/posts\/17851"}],"collection":[{"href":"https:\/\/www.cnbb.org.br\/cnbb-app\/wp\/v2\/posts"}],"about":[{"href":"https:\/\/www.cnbb.org.br\/cnbb-app\/wp\/v2\/types\/post"}],"author":[{"embeddable":true,"href":"https:\/\/www.cnbb.org.br\/cnbb-app\/wp\/v2\/users\/83"}],"replies":[{"embeddable":true,"href":"https:\/\/www.cnbb.org.br\/cnbb-app\/wp\/v2\/comments?post=17851"}],"version-history":[{"count":0,"href":"https:\/\/www.cnbb.org.br\/cnbb-app\/wp\/v2\/posts\/17851\/revisions"}],"wp:featuredmedia":[{"embeddable":true,"href":"https:\/\/www.cnbb.org.br\/cnbb-app\/wp\/v2\/media\/17852"}],"wp:attachment":[{"href":"https:\/\/www.cnbb.org.br\/cnbb-app\/wp\/v2\/media?parent=17851"}],"wp:term":[{"taxonomy":"category","embeddable":true,"href":"https:\/\/www.cnbb.org.br\/cnbb-app\/wp\/v2\/categories?post=17851"},{"taxonomy":"post_tag","embeddable":true,"href":"https:\/\/www.cnbb.org.br\/cnbb-app\/wp\/v2\/tags?post=17851"}],"curies":[{"name":"wp","href":"https:\/\/api.w.org\/{rel}","templated":true}]}}