{"id":17854,"date":"2010-08-12T00:00:00","date_gmt":"2010-08-12T03:00:00","guid":{"rendered":"https:\/\/www.cnbb.org.br\/nossa-senhora-da-gloria-e-as-familias\/"},"modified":"2020-03-11T16:48:50","modified_gmt":"2020-03-11T19:48:50","slug":"nossa-senhora-da-gloria-e-as-familias","status":"publish","type":"post","link":"https:\/\/www.cnbb.org.br\/nossa-senhora-da-gloria-e-as-familias\/","title":{"rendered":"Nossa Senhora da Gl\u00f3ria e as Fam\u00edlias"},"content":{"rendered":"<p style=\"text-align: justify\">Celebramos no domingo (15) a solenidade da Assun\u00e7\u00e3o da Virgem Maria, Nossa Senhora da Gl\u00f3ria. O Papa Bento XVI assim falou: \u201cSe trata de uma festa antiga, que tem seu fundamento \u00faltimo na Sagrada Escritura: esta, de fato, apresenta a Virgem Maria estreitamente unida a seu Filho divino e sempre a Ele solid\u00e1ria. M\u00e3e e Filho aparecem estreitamente associados na luta contra o inimigo infernal at\u00e9 a vit\u00f3ria plena sobre ele.<\/p>\n<p><!--more--><\/p>\n<p style=\"text-align: justify\">Esta vit\u00f3ria exprime-se em particular na supera\u00e7\u00e3o do pecado e da morte, isto \u00e9, na supera\u00e7\u00e3o daqueles inimigos que S\u00e3o Paulo apresenta sempre juntos. Por isso, como a ressurrei\u00e7\u00e3o gloriosa de Cristo foi o sinal definitivo desta vit\u00f3ria, assim a glorifica\u00e7\u00e3o de Maria tamb\u00e9m no seu corpo virginal constitui a confirma\u00e7\u00e3o final da sua plena solidariedade com seu Filho, tanto na luta quanto na vit\u00f3ria.<\/p>\n<p style=\"text-align: justify\">De tal profundo significado teol\u00f3gico do mist\u00e9rio se fez int\u00e9rprete o Servo de Deus Papa Pio XII, no pronunciamento de 1\u00ba de novembro de 1950, na solene defini\u00e7\u00e3o dogm\u00e1tica deste privil\u00e9gio mariano.<\/p>\n<p style=\"text-align: justify\">Ele declarava: &#8220;Em tal modo a Augusta M\u00e3e de Deus, misteriosamente unida a Jesus Cristo, fim de toda eternidade, com um mesmo decreto de predestina\u00e7\u00e3o, Imaculada na sua concep\u00e7\u00e3o, virgem casta na sua divina maternidade, generosa s\u00f3cia do Divino Redentor, que conseguiu um pleno triunfo sobre o pecado e sobre suas conseq\u00fc\u00eancias, ao fim, como supremo coroamento de seus privil\u00e9gios, obt\u00e9m de ser preservada da corrup\u00e7\u00e3o do sepulcro e, vence a morte, como outrora o seu Filho, de ser exaltada em alma e corpo \u00e0 gloria do C\u00e9u, onde resplende Rainha \u00e0 direita do seu Filho, Rei imortal dos s\u00e9culos&#8221;.<\/p>\n<p style=\"text-align: justify\">Car\u00edssimos irm\u00e3os e irm\u00e3s, assunta ao c\u00e9u, Maria n\u00e3o est\u00e1 longe de n\u00f3s, mas est\u00e1 agora muito pr\u00f3xima e a sua luz se projeta sobre nossa vida e sobre a hist\u00f3ria da humanidade inteira. Recorremos com confian\u00e7a \u00e0quela que do alto nos guarda e nos protege. Precisamos todos do seu aux\u00edlio e do seu conforto para enfrentar as provas e desafios de todos os dias; precisamos senti-la m\u00e3e e irm\u00e3 nas concretas situa\u00e7\u00f5es da nossa exist\u00eancia. Nas palavras do Papa, estamos unidos celebrando aqui em nossa Arquidiocese a festa do c\u00e9u na terra, a fim de fazer de nosso caminhar um permanente seguimento de Jesus.<\/p>\n<p style=\"text-align: justify\">E nesta semana recordamos as nossas fam\u00edlias como promotoras dos valores humanos e crist\u00e3os. Com Nossa Senhora da Gl\u00f3ria, queremos renovar o compromisso de defender a vida das\u00a0 fam\u00edlias. Condenamos todas as formas alternativas que hoje a sociedade quer aprovar e reconhecer como \u201cuni\u00e3o est\u00e1vel\u201d, com todos os direitos civis. Entendemos que a Palavra de Deus nunca poder\u00e1 ceder aos caprichos humanos.<\/p>\n<h4 style=\"text-align: right\">Dom Anuar Battisti<\/h4>\n","protected":false},"excerpt":{"rendered":"<p>Celebramos no domingo (15) a solenidade da Assun\u00e7\u00e3o da Virgem Maria, Nossa Senhora da Gl\u00f3ria. O Papa Bento XVI assim falou: \u201cSe trata de uma festa antiga, que tem seu fundamento \u00faltimo na Sagrada Escritura: esta, de fato, apresenta a Virgem Maria estreitamente unida a seu Filho divino e sempre a Ele solid\u00e1ria. M\u00e3e e &hellip;<\/p>\n<p class=\"read-more\"> <a class=\"\" href=\"https:\/\/www.cnbb.org.br\/nossa-senhora-da-gloria-e-as-familias\/\"> <span class=\"screen-reader-text\">Nossa Senhora da Gl\u00f3ria e as Fam\u00edlias<\/span> Leia mais &raquo;<\/a><\/p>\n","protected":false},"author":83,"featured_media":0,"comment_status":"open","ping_status":"open","sticky":false,"template":"","format":"standard","meta":{"site-sidebar-layout":"default","site-content-layout":"default","ast-global-header-display":"","ast-banner-title-visibility":"","ast-main-header-display":"","ast-hfb-above-header-display":"","ast-hfb-below-header-display":"","ast-hfb-mobile-header-display":"","site-post-title":"","ast-breadcrumbs-content":"","ast-featured-img":"","footer-sml-layout":"","theme-transparent-header-meta":"","adv-header-id-meta":"","stick-header-meta":"","header-above-stick-meta":"","header-main-stick-meta":"","header-below-stick-meta":""},"categories":[777],"tags":[],"acf":[],"_links":{"self":[{"href":"https:\/\/www.cnbb.org.br\/cnbb-app\/wp\/v2\/posts\/17854"}],"collection":[{"href":"https:\/\/www.cnbb.org.br\/cnbb-app\/wp\/v2\/posts"}],"about":[{"href":"https:\/\/www.cnbb.org.br\/cnbb-app\/wp\/v2\/types\/post"}],"author":[{"embeddable":true,"href":"https:\/\/www.cnbb.org.br\/cnbb-app\/wp\/v2\/users\/83"}],"replies":[{"embeddable":true,"href":"https:\/\/www.cnbb.org.br\/cnbb-app\/wp\/v2\/comments?post=17854"}],"version-history":[{"count":0,"href":"https:\/\/www.cnbb.org.br\/cnbb-app\/wp\/v2\/posts\/17854\/revisions"}],"wp:attachment":[{"href":"https:\/\/www.cnbb.org.br\/cnbb-app\/wp\/v2\/media?parent=17854"}],"wp:term":[{"taxonomy":"category","embeddable":true,"href":"https:\/\/www.cnbb.org.br\/cnbb-app\/wp\/v2\/categories?post=17854"},{"taxonomy":"post_tag","embeddable":true,"href":"https:\/\/www.cnbb.org.br\/cnbb-app\/wp\/v2\/tags?post=17854"}],"curies":[{"name":"wp","href":"https:\/\/api.w.org\/{rel}","templated":true}]}}