{"id":17862,"date":"2010-12-09T00:00:00","date_gmt":"2010-12-09T02:00:00","guid":{"rendered":"https:\/\/www.cnbb.org.br\/caminhada-da-familia-e-destaque-na-festa-da-imaculada-conceicao-em-cachoeiro-do-itapemirim\/"},"modified":"2020-03-11T16:48:49","modified_gmt":"2020-03-11T19:48:49","slug":"caminhada-da-familia-e-destaque-na-festa-da-imaculada-conceicao-em-cachoeiro-do-itapemirim","status":"publish","type":"post","link":"https:\/\/www.cnbb.org.br\/caminhada-da-familia-e-destaque-na-festa-da-imaculada-conceicao-em-cachoeiro-do-itapemirim\/","title":{"rendered":"Caminhada da Fam\u00edlia \u00e9 destaque na festa da Imaculada Concei\u00e7\u00e3o em Cachoeiro do Itapemirim"},"content":{"rendered":"<p style=\"text-align: justify\">As par\u00f3quias do Regional II da diocese de Cachoeiro de Itapemirim, no Esp\u00edrito Santo, realizaram nesta quarta-feira, 8, dia da Imaculada Concei\u00e7\u00e3o de Maria a \u201cCaminha da Fam\u00edlia\u201d. Com faixas e bandeirinhas de diversas cores, uma multid\u00e3o caminhou, pelas ruas da cidade para alertar a sociedade sobre o valor da fam\u00edlia.<\/p>\n<p><!--more--><\/p>\n<p style=\"text-align: justify\">A Caminhada teve seu in\u00edcio por voltas das 19h15, saindo da par\u00f3quia Nossa Senhora da Consola\u00e7\u00e3o. Durante o trajeto o padre Joselito Ramalho Nogueira animou a peregrina\u00e7\u00e3o e destacou os desafios enfrentados pela fam\u00edlia.<\/p>\n<p style=\"text-align: justify\">O coordenador do Regional, padre Pedro F\u00e9lix Bassini, presidiu a missa que encerrou o ato. Ele a figura de Maria, recordando a festa do dia. \u201cCom o seu sim a Deus, Maria abriu as portas para a salva\u00e7\u00e3o da humanidade atrav\u00e9s de seu Filho Jesus\u201d, disse o padre.<\/p>\n<p style=\"text-align: justify\">Segundo os coordenadores, o destaque da caminhada foi a participa\u00e7\u00e3o dos jovens e da Pastoral Familiar do Regional II. \u201cO Regional II, mais uma vez, com este evento, mostra a todos o seu clamor pela preserva\u00e7\u00e3o das fam\u00edlias e seus valores, na esperan\u00e7a de uma sociedade mais justa e fraterna, espelho da fam\u00edlia\u201d, disse a assessoria de comunica\u00e7\u00e3o da diocese.<\/p>\n","protected":false},"excerpt":{"rendered":"<p>As par\u00f3quias do Regional II da diocese de Cachoeiro de Itapemirim, no Esp\u00edrito Santo, realizaram nesta quarta-feira, 8, dia da Imaculada Concei\u00e7\u00e3o de Maria a \u201cCaminha da Fam\u00edlia\u201d. Com faixas e bandeirinhas de diversas cores, uma multid\u00e3o caminhou, pelas ruas da cidade para alertar a sociedade sobre o valor da fam\u00edlia.<\/p>\n","protected":false},"author":83,"featured_media":17863,"comment_status":"open","ping_status":"open","sticky":false,"template":"","format":"standard","meta":{"site-sidebar-layout":"default","site-content-layout":"default","ast-global-header-display":"","ast-banner-title-visibility":"","ast-main-header-display":"","ast-hfb-above-header-display":"","ast-hfb-below-header-display":"","ast-hfb-mobile-header-display":"","site-post-title":"","ast-breadcrumbs-content":"","ast-featured-img":"","footer-sml-layout":"","theme-transparent-header-meta":"","adv-header-id-meta":"","stick-header-meta":"","header-above-stick-meta":"","header-main-stick-meta":"","header-below-stick-meta":""},"categories":[777],"tags":[],"acf":[],"_links":{"self":[{"href":"https:\/\/www.cnbb.org.br\/cnbb-app\/wp\/v2\/posts\/17862"}],"collection":[{"href":"https:\/\/www.cnbb.org.br\/cnbb-app\/wp\/v2\/posts"}],"about":[{"href":"https:\/\/www.cnbb.org.br\/cnbb-app\/wp\/v2\/types\/post"}],"author":[{"embeddable":true,"href":"https:\/\/www.cnbb.org.br\/cnbb-app\/wp\/v2\/users\/83"}],"replies":[{"embeddable":true,"href":"https:\/\/www.cnbb.org.br\/cnbb-app\/wp\/v2\/comments?post=17862"}],"version-history":[{"count":0,"href":"https:\/\/www.cnbb.org.br\/cnbb-app\/wp\/v2\/posts\/17862\/revisions"}],"wp:featuredmedia":[{"embeddable":true,"href":"https:\/\/www.cnbb.org.br\/cnbb-app\/wp\/v2\/media\/17863"}],"wp:attachment":[{"href":"https:\/\/www.cnbb.org.br\/cnbb-app\/wp\/v2\/media?parent=17862"}],"wp:term":[{"taxonomy":"category","embeddable":true,"href":"https:\/\/www.cnbb.org.br\/cnbb-app\/wp\/v2\/categories?post=17862"},{"taxonomy":"post_tag","embeddable":true,"href":"https:\/\/www.cnbb.org.br\/cnbb-app\/wp\/v2\/tags?post=17862"}],"curies":[{"name":"wp","href":"https:\/\/api.w.org\/{rel}","templated":true}]}}