{"id":17874,"date":"2011-05-30T00:00:00","date_gmt":"2011-05-30T03:00:00","guid":{"rendered":"https:\/\/www.cnbb.org.br\/a-pastoral-familiar-e-as-maos-e-bracos-da-igreja-para-a-evangelizacao-afirmou-dom-orlando\/"},"modified":"2020-03-11T16:48:48","modified_gmt":"2020-03-11T19:48:48","slug":"a-pastoral-familiar-e-as-maos-e-bracos-da-igreja-para-a-evangelizacao-afirmou-dom-orlando","status":"publish","type":"post","link":"https:\/\/www.cnbb.org.br\/a-pastoral-familiar-e-as-maos-e-bracos-da-igreja-para-a-evangelizacao-afirmou-dom-orlando\/","title":{"rendered":"\u201cA Pastoral Familiar s\u00e3o as m\u00e3os e os bra\u00e7os da Igreja para a evangeliza\u00e7\u00e3o\u201d, afirmou dom Orlando"},"content":{"rendered":"<p style=\"text-align: justify\">Ontem, 30, as 10h da manh\u00e3, foi celebrada a missa principal da 3\u00aa Peregrina\u00e7\u00e3o Nacional da Fam\u00edlia. O arcebispo de Londrina (PR) e ex-presidente da Comiss\u00e3o Episcopal Pastoral para a Vida e a Fam\u00edlia, da CNBB, dom Orlando Brandes presidiu a celebra\u00e7\u00e3o no Altar Central do Santu\u00e1rio Nacional. Dom Orlando destacou o trabalho realizado pela Pastoral Familiar nos Regionais da CNBB e fez um pedido especial ao povo brasileiro, que continue valorizando a fam\u00edlia.<\/p>\n<p><!--more--><\/p>\n<p style=\"text-align: justify\"><img decoding=\"async\" loading=\"lazy\" class=\" alignright size-full wp-image-10017\" style=\"float: right\" title=\"Dom Jo\u00e3o Carlos Petrini (Foto: Rodrigo Eneas)\" src=\"https:\/\/www.cnbb.org.br\/wp-content\/uploads\/2020\/03\/dompetrinijoaocarlos.jpg\" alt=\"dompetrinijoaocarlos\" width=\"258\" height=\"171\" \/>Junto com dom Orlando, o bispo de Cama\u00e7ari (BA) e atual presidente da Comiss\u00e3o Episcopal para a Vida e a Fam\u00edlia, dom Jo\u00e3o Carlos Petrini, participou do evento. Segundo dom Petrini, a \u201cfam\u00edlia \u00e9 um bem inestim\u00e1vel que deve ser preservado a todo custo\u201d. Al\u00e9m deles, o bispo auxiliar de S\u00e3o Paulo (SP), dom Joaquim Justino Carreira e diversos bispos estiveram na peregrina\u00e7\u00e3o da fam\u00edlia.<\/p>\n<p style=\"text-align: justify\">\u201cA pastoral \u00e9 a a\u00e7\u00e3o da Igreja. Ela responde \u00e0s necessidades que temos atualmente na sociedade. A Pastoral Familiar s\u00e3o as m\u00e3os e os bra\u00e7os da Igreja para a evangeliza\u00e7\u00e3o\u201d, afirmou dom Orlando Brandes.<\/p>\n<p style=\"text-align: justify\"><img decoding=\"async\" loading=\"lazy\" class=\" alignleft size-full wp-image-10018\" style=\"float: left\" title=\"Foto: Rodrigo Eneas\" src=\"https:\/\/www.cnbb.org.br\/wp-content\/uploads\/2020\/03\/vistaaereaaparecida.jpg\" alt=\"vistaaereaaparecida\" width=\"258\" height=\"171\" \/>O arcebispo ressaltou que a iniciativa da 3\u00aa Peregrina\u00e7\u00e3o Nacional das Fam\u00edlias mostra para todo o pa\u00eds o valor da fam\u00edlia brasileira. \u201cA Pastoral Familiar vem ao Santu\u00e1rio Nacional para se fortalecer ainda mais. Uma concentra\u00e7\u00e3o dessas demonstra para a sociedade, para a opini\u00e3o p\u00fablica que a fam\u00edlia n\u00e3o est\u00e1 morta, que a fam\u00edlia \u00e9 um valor. Isso traz consola\u00e7\u00e3o para as fam\u00edlias que est\u00e3o feridas e uma confirma\u00e7\u00e3o para as fam\u00edlias que est\u00e3o bem\u201d, afirmou.<\/p>\n<p style=\"text-align: justify\"><img decoding=\"async\" loading=\"lazy\" class=\" alignleft size-full wp-image-10019\" style=\"float: left\" title=\"Padre Zezinho (Foto: Rodrigo Eneas)\" src=\"https:\/\/www.cnbb.org.br\/wp-content\/uploads\/2020\/03\/zezinhopadre.jpg\" alt=\"zezinhopadre\" width=\"258\" height=\"172\" \/>Ao final da celebra\u00e7\u00e3o, o cantor e compositor padre Zezinho interpretou uma de suas m\u00fasicas, que fala sobre a uni\u00e3o familiar, aos presentes no Santu\u00e1rio Nacional.<\/p>\n<p style=\"text-align: justify\">As missas de ontem ocorreram a cada duas horas, desde as 6h da manh\u00e3, at\u00e9 as 20h, sempre com um bispo convidado celebrando. A estimativa \u00e9 que 200 mil pessoas tenham passado por Aparecida no \u00faltimo final de semana.<\/p>\n","protected":false},"excerpt":{"rendered":"<p>Ontem, 30, as 10h da manh\u00e3, foi celebrada a missa principal da 3\u00aa Peregrina\u00e7\u00e3o Nacional da Fam\u00edlia. O arcebispo de Londrina (PR) e ex-presidente da Comiss\u00e3o Episcopal Pastoral para a Vida e a Fam\u00edlia, da CNBB, dom Orlando Brandes presidiu a celebra\u00e7\u00e3o no Altar Central do Santu\u00e1rio Nacional. Dom Orlando destacou o trabalho realizado pela &hellip;<\/p>\n<p class=\"read-more\"> <a class=\"\" href=\"https:\/\/www.cnbb.org.br\/a-pastoral-familiar-e-as-maos-e-bracos-da-igreja-para-a-evangelizacao-afirmou-dom-orlando\/\"> <span class=\"screen-reader-text\">\u201cA Pastoral Familiar s\u00e3o as m\u00e3os e os bra\u00e7os da Igreja para a evangeliza\u00e7\u00e3o\u201d, afirmou dom Orlando<\/span> Leia mais &raquo;<\/a><\/p>\n","protected":false},"author":83,"featured_media":17875,"comment_status":"open","ping_status":"open","sticky":false,"template":"","format":"standard","meta":{"site-sidebar-layout":"default","site-content-layout":"default","ast-global-header-display":"","ast-banner-title-visibility":"","ast-main-header-display":"","ast-hfb-above-header-display":"","ast-hfb-below-header-display":"","ast-hfb-mobile-header-display":"","site-post-title":"","ast-breadcrumbs-content":"","ast-featured-img":"","footer-sml-layout":"","theme-transparent-header-meta":"","adv-header-id-meta":"","stick-header-meta":"","header-above-stick-meta":"","header-main-stick-meta":"","header-below-stick-meta":""},"categories":[777],"tags":[],"acf":[],"_links":{"self":[{"href":"https:\/\/www.cnbb.org.br\/cnbb-app\/wp\/v2\/posts\/17874"}],"collection":[{"href":"https:\/\/www.cnbb.org.br\/cnbb-app\/wp\/v2\/posts"}],"about":[{"href":"https:\/\/www.cnbb.org.br\/cnbb-app\/wp\/v2\/types\/post"}],"author":[{"embeddable":true,"href":"https:\/\/www.cnbb.org.br\/cnbb-app\/wp\/v2\/users\/83"}],"replies":[{"embeddable":true,"href":"https:\/\/www.cnbb.org.br\/cnbb-app\/wp\/v2\/comments?post=17874"}],"version-history":[{"count":0,"href":"https:\/\/www.cnbb.org.br\/cnbb-app\/wp\/v2\/posts\/17874\/revisions"}],"wp:featuredmedia":[{"embeddable":true,"href":"https:\/\/www.cnbb.org.br\/cnbb-app\/wp\/v2\/media\/17875"}],"wp:attachment":[{"href":"https:\/\/www.cnbb.org.br\/cnbb-app\/wp\/v2\/media?parent=17874"}],"wp:term":[{"taxonomy":"category","embeddable":true,"href":"https:\/\/www.cnbb.org.br\/cnbb-app\/wp\/v2\/categories?post=17874"},{"taxonomy":"post_tag","embeddable":true,"href":"https:\/\/www.cnbb.org.br\/cnbb-app\/wp\/v2\/tags?post=17874"}],"curies":[{"name":"wp","href":"https:\/\/api.w.org\/{rel}","templated":true}]}}