{"id":17883,"date":"2011-08-16T00:00:00","date_gmt":"2011-08-16T03:00:00","guid":{"rendered":"https:\/\/www.cnbb.org.br\/tudo-pronto-para-o-13o-congresso-nacional-da-pastoral-familiar\/"},"modified":"2020-03-11T16:48:46","modified_gmt":"2020-03-11T19:48:46","slug":"tudo-pronto-para-o-13o-congresso-nacional-da-pastoral-familiar","status":"publish","type":"post","link":"https:\/\/www.cnbb.org.br\/tudo-pronto-para-o-13o-congresso-nacional-da-pastoral-familiar\/","title":{"rendered":"Tudo pronto para o 13\u00ba Congresso Nacional da Pastoral Familiar"},"content":{"rendered":"<p style=\"text-align: justify\">Belo Horizonte acolhe as fam\u00edlias brasileiras, vinda dos 17 Regionais da Confer\u00eancia Nacional dos Bispos do Brasil (CNBB), nos dias 19 a 21, para o 13\u00ba Congresso Nacional da Pastoral Familiar. Cerca de 800 participantes est\u00e3o inscritos, entre bispos, coordenadores regionais, diocesanos e assessores eclesi\u00e1sticos da Pastoral Familiar; coordenadores nacionais dos Movimentos e Servi\u00e7os Familiares, e agentes de Pastoral Familiar das dioceses de todo o Brasil.<\/p>\n<p><!--more--><\/p>\n<p style=\"text-align: justify\">No dia 19, haver\u00e1 o 9\u00ba Semin\u00e1rio dos Assessores da Comiss\u00e3o Nacional da Pastoral Familiar. O encontro que antecede ao 13\u00ba Congresso Nacional da Pastoral Familiar \u00e9 destinado aos casais e assessores eclesi\u00e1sticos da Pastoral Familiar do Brasil, e ter\u00e1 como tema os Desafios e possibilidades da fam\u00edlia no limiar do novo mil\u00eanio \u201c30 anos da Familiaris Consortio\u201d.<\/p>\n<p style=\"text-align: justify\">As assessorias do 9\u00ba Semin\u00e1rio dos Assessores da Comiss\u00e3o Nacional da Pastoral Familiar ficar\u00e3o a cargo do bispo diocesano de Cama\u00e7ari (BA) e presidente da Comiss\u00e3o Episcopal Pastoral para a Vida e a Fam\u00edlia, dom Jo\u00e3o Carlos Petrini; e de dom Joaquim Justino Carreira, membro da mesma Comiss\u00e3o.<\/p>\n<p style=\"text-align: justify\">A abertura oficial do Congresso Nacional da Pastoral Familiar ser\u00e1 \u00e0s 18h no Teatro Top\u00e1zio, no Minascentro (Av. Augusto de Lima,785 \u2013 Centro) em\u00a0 Belo Horizonte. Com o tema \u201cFam\u00edlia Pessoa e Sociedade\u201d, e o lema \u201cSomos cidad\u00e3os e membros da fam\u00edlia de Deus\u201d o Congresso pretende ser um momento de forma\u00e7\u00e3o, partilha e experi\u00eancias, com o prop\u00f3sito de \u201calicer\u00e7ar\u201d o trabalho da Pastoral Familiar no Brasil.<\/p>\n<p style=\"text-align: justify\">A programa\u00e7\u00e3o completa do Congresso est\u00e1 dispon\u00edvel no endere\u00e7o <a href=\"http:\/\/congressonacionalpf.blogspot.com\" target=\"_blank\" rel=\"noopener\">http:\/\/congressonacionalpf.blogspot.com<\/a>.<\/p>\n","protected":false},"excerpt":{"rendered":"<p>Belo Horizonte acolhe as fam\u00edlias brasileiras, vinda dos 17 Regionais da Confer\u00eancia Nacional dos Bispos do Brasil (CNBB), nos dias 19 a 21, para o 13\u00ba Congresso Nacional da Pastoral Familiar. Cerca de 800 participantes est\u00e3o inscritos, entre bispos, coordenadores regionais, diocesanos e assessores eclesi\u00e1sticos da Pastoral Familiar; coordenadores nacionais dos Movimentos e Servi\u00e7os Familiares, &hellip;<\/p>\n<p class=\"read-more\"> <a class=\"\" href=\"https:\/\/www.cnbb.org.br\/tudo-pronto-para-o-13o-congresso-nacional-da-pastoral-familiar\/\"> <span class=\"screen-reader-text\">Tudo pronto para o 13\u00ba Congresso Nacional da Pastoral Familiar<\/span> Leia mais &raquo;<\/a><\/p>\n","protected":false},"author":83,"featured_media":17865,"comment_status":"open","ping_status":"open","sticky":false,"template":"","format":"standard","meta":{"site-sidebar-layout":"default","site-content-layout":"default","ast-global-header-display":"","ast-banner-title-visibility":"","ast-main-header-display":"","ast-hfb-above-header-display":"","ast-hfb-below-header-display":"","ast-hfb-mobile-header-display":"","site-post-title":"","ast-breadcrumbs-content":"","ast-featured-img":"","footer-sml-layout":"","theme-transparent-header-meta":"","adv-header-id-meta":"","stick-header-meta":"","header-above-stick-meta":"","header-main-stick-meta":"","header-below-stick-meta":""},"categories":[777],"tags":[],"acf":[],"_links":{"self":[{"href":"https:\/\/www.cnbb.org.br\/cnbb-app\/wp\/v2\/posts\/17883"}],"collection":[{"href":"https:\/\/www.cnbb.org.br\/cnbb-app\/wp\/v2\/posts"}],"about":[{"href":"https:\/\/www.cnbb.org.br\/cnbb-app\/wp\/v2\/types\/post"}],"author":[{"embeddable":true,"href":"https:\/\/www.cnbb.org.br\/cnbb-app\/wp\/v2\/users\/83"}],"replies":[{"embeddable":true,"href":"https:\/\/www.cnbb.org.br\/cnbb-app\/wp\/v2\/comments?post=17883"}],"version-history":[{"count":0,"href":"https:\/\/www.cnbb.org.br\/cnbb-app\/wp\/v2\/posts\/17883\/revisions"}],"wp:featuredmedia":[{"embeddable":true,"href":"https:\/\/www.cnbb.org.br\/cnbb-app\/wp\/v2\/media\/17865"}],"wp:attachment":[{"href":"https:\/\/www.cnbb.org.br\/cnbb-app\/wp\/v2\/media?parent=17883"}],"wp:term":[{"taxonomy":"category","embeddable":true,"href":"https:\/\/www.cnbb.org.br\/cnbb-app\/wp\/v2\/categories?post=17883"},{"taxonomy":"post_tag","embeddable":true,"href":"https:\/\/www.cnbb.org.br\/cnbb-app\/wp\/v2\/tags?post=17883"}],"curies":[{"name":"wp","href":"https:\/\/api.w.org\/{rel}","templated":true}]}}