{"id":17905,"date":"2011-11-23T00:00:00","date_gmt":"2011-11-23T02:00:00","guid":{"rendered":"https:\/\/www.cnbb.org.br\/onu-seleciona-12-municipios-gauchos-para-o-projeto-pro-familia\/"},"modified":"2020-03-11T16:48:43","modified_gmt":"2020-03-11T19:48:43","slug":"onu-seleciona-12-municipios-gauchos-para-o-projeto-pro-familia","status":"publish","type":"post","link":"https:\/\/www.cnbb.org.br\/onu-seleciona-12-municipios-gauchos-para-o-projeto-pro-familia\/","title":{"rendered":"ONU seleciona 12 munic\u00edpios ga\u00fachos para o Projeto Pr\u00f3-Fam\u00edlia"},"content":{"rendered":"<p style=\"text-align: justify\">A cidade de Montenegro (RS) \u00e9 um dos 12 munic\u00edpios ga\u00fachos escolhidos pela Organiza\u00e7\u00e3o das Na\u00e7\u00f5es Unidas (ONU) para receber o Projeto Pr\u00f3-Fam\u00edlia. Os outros munic\u00edpios escolhidos foram: Camaqu\u00e3, Frederico Westphalen, Lagoa Vermelha, Mariana Pimentel, Porto Alegre, S\u00e3o Borja, S\u00e3o Jo\u00e3o do Pol\u00easine, S\u00e3o Luiz Gonzaga, S\u00e3o Marcos, Gramado e Ivoti.<\/p>\n<p><!--more--><\/p>\n<p style=\"text-align: justify\">Na segunda e ter\u00e7a-feira, dias 21 e 22, o consultor da ONU para o Brasil em assuntos de fam\u00edlia, Marco Ant\u00f4nio Fetter, se reuniu com diversos representantes da sociedade de Montenegro para apresentar este trabalho. Na ter\u00e7a pela manh\u00e3, esteve na c\u00faria diocesana conversando com padres e leigos que atuam em movimentos e pastorais relacionados ao tema.<\/p>\n<p style=\"text-align: justify\">Em um primeiro momento, ser\u00e3o estruturadas atividades para atua\u00e7\u00e3o na cidade, como um N\u00facleo de Estudos sobre a Fam\u00edlia; Programa de planejamento familiar paternidade respons\u00e1vel; Conselho Municipal da Fam\u00edlia, Fam\u00edlia-Escola; N\u00facleo de Estudos sobre a Viol\u00eancia; Cursos de Extens\u00e3o sobre a Fam\u00edlia; Rede Intermunicipal de Estudo sobre a Fam\u00edlia; e Ciclo de Semin\u00e1rio, Palestras e Pain\u00e9is sobre a Fam\u00edlia.<\/p>\n<p style=\"text-align: justify\">O projeto n\u00e3o ter\u00e1 qualquer custo para o Munic\u00edpio e ser\u00e1 financiado pela ONU, que destinar\u00e1 uma quantia em dinheiro para a realiza\u00e7\u00e3o dos trabalhos sociais. A organiza\u00e7\u00e3o do projeto ocorre at\u00e9 2013, com visitas peri\u00f3dicas do consultor \u00e0s cidades selecionadas.<\/p>\n<p style=\"text-align: justify\">O bispo de Montenegro, dom Paulo Ant\u00f4nio De Conto, ressaltou que a Igreja sempre teve a fam\u00edlia como prioridade e se alegrou com a iniciativa, colocando a diocese \u00e0 disposi\u00e7\u00e3o para ajudar.<\/p>\n<p style=\"text-align: justify\">Segundo o consultor da ONU, Marco Ant\u00f4nio Fetter, essas primeiras visitas visam motivar o munic\u00edpio e sensibilizar a sociedade para a import\u00e2ncia da fam\u00edlia. \u201cFam\u00edlia \u00e9 tudo o que temos e o n\u00facleo familiar precisa aprender a educar nossas crian\u00e7as. \u00c9 um trabalho a m\u00e9dio e longo prazo, que dar\u00e1 aporte \u00e0s a\u00e7\u00f5es j\u00e1 desenvolvidas pelo Munic\u00edpio\u201d, explicou.<\/p>\n<p style=\"text-align: justify\">Tamb\u00e9m estiveram presentes na reuni\u00e3o a secret\u00e1ria municipal de Habita\u00e7\u00e3o, Desenvolvimento Social e Cidadania, Leone Bozzetto; a secret\u00e1ria municipal da Sa\u00fade, Ana Maria Rodrigues; a diretora de Assist\u00eancia Social e Cidadania, Leda Esm\u00e9rio; e a assistente social Neiva Saldanha.<\/p>\n<p style=\"text-align: justify\">Marcos falou sobre a realidade das fam\u00edlias e a import\u00e2ncia de se resgatar valores e ideais. \u201cN\u00e3o se pode achar que est\u00e1 tudo perdido\u201d, afirmou, destacando que o projeto vai atuar em diversas \u00e1reas, como educa\u00e7\u00e3o, viol\u00eancia e planejamento familiar. \u201cO mundo pode ser diferente se n\u00f3s fizermos a nossa parte. A melhor maneira de cuidar de Montenegro \u00e9 cuidando da fam\u00edlia\u201d, disse.<\/p>\n","protected":false},"excerpt":{"rendered":"<p>A cidade de Montenegro (RS) \u00e9 um dos 12 munic\u00edpios ga\u00fachos escolhidos pela Organiza\u00e7\u00e3o das Na\u00e7\u00f5es Unidas (ONU) para receber o Projeto Pr\u00f3-Fam\u00edlia. Os outros munic\u00edpios escolhidos foram: Camaqu\u00e3, Frederico Westphalen, Lagoa Vermelha, Mariana Pimentel, Porto Alegre, S\u00e3o Borja, S\u00e3o Jo\u00e3o do Pol\u00easine, S\u00e3o Luiz Gonzaga, S\u00e3o Marcos, Gramado e Ivoti.<\/p>\n","protected":false},"author":83,"featured_media":17906,"comment_status":"open","ping_status":"open","sticky":false,"template":"","format":"standard","meta":{"site-sidebar-layout":"default","site-content-layout":"default","ast-global-header-display":"","ast-banner-title-visibility":"","ast-main-header-display":"","ast-hfb-above-header-display":"","ast-hfb-below-header-display":"","ast-hfb-mobile-header-display":"","site-post-title":"","ast-breadcrumbs-content":"","ast-featured-img":"","footer-sml-layout":"","theme-transparent-header-meta":"","adv-header-id-meta":"","stick-header-meta":"","header-above-stick-meta":"","header-main-stick-meta":"","header-below-stick-meta":""},"categories":[777],"tags":[],"acf":[],"_links":{"self":[{"href":"https:\/\/www.cnbb.org.br\/cnbb-app\/wp\/v2\/posts\/17905"}],"collection":[{"href":"https:\/\/www.cnbb.org.br\/cnbb-app\/wp\/v2\/posts"}],"about":[{"href":"https:\/\/www.cnbb.org.br\/cnbb-app\/wp\/v2\/types\/post"}],"author":[{"embeddable":true,"href":"https:\/\/www.cnbb.org.br\/cnbb-app\/wp\/v2\/users\/83"}],"replies":[{"embeddable":true,"href":"https:\/\/www.cnbb.org.br\/cnbb-app\/wp\/v2\/comments?post=17905"}],"version-history":[{"count":0,"href":"https:\/\/www.cnbb.org.br\/cnbb-app\/wp\/v2\/posts\/17905\/revisions"}],"wp:featuredmedia":[{"embeddable":true,"href":"https:\/\/www.cnbb.org.br\/cnbb-app\/wp\/v2\/media\/17906"}],"wp:attachment":[{"href":"https:\/\/www.cnbb.org.br\/cnbb-app\/wp\/v2\/media?parent=17905"}],"wp:term":[{"taxonomy":"category","embeddable":true,"href":"https:\/\/www.cnbb.org.br\/cnbb-app\/wp\/v2\/categories?post=17905"},{"taxonomy":"post_tag","embeddable":true,"href":"https:\/\/www.cnbb.org.br\/cnbb-app\/wp\/v2\/tags?post=17905"}],"curies":[{"name":"wp","href":"https:\/\/api.w.org\/{rel}","templated":true}]}}