{"id":17925,"date":"2012-03-27T00:00:00","date_gmt":"2012-03-27T03:00:00","guid":{"rendered":"https:\/\/www.cnbb.org.br\/vida-e-familia-sao-temas-de-reuniao-em-belem-com-assessor-da-cnbb\/"},"modified":"2020-03-11T16:48:41","modified_gmt":"2020-03-11T19:48:41","slug":"vida-e-familia-sao-temas-de-reuniao-em-belem-com-assessor-da-cnbb","status":"publish","type":"post","link":"https:\/\/www.cnbb.org.br\/vida-e-familia-sao-temas-de-reuniao-em-belem-com-assessor-da-cnbb\/","title":{"rendered":"Vida e Fam\u00edlia s\u00e3o temas de reuni\u00e3o em Bel\u00e9m com assessor da CNBB"},"content":{"rendered":"<p style=\"text-align: justify\">No \u00faltimo final de semana (24 e 25), um dos assessores da Comiss\u00e3o Episcopal Pastoral para a Vida e Fam\u00edlia da CNBB, padre Rafael Fornasier, esteve reunido com os representantes e respons\u00e1veis da Pastoral Familiar da arquidiocese de Bel\u00e9m (PA); do Centro de Bio\u00e9tica da Amaz\u00f4nia (CBAm); do Centro de Cultura e Forma\u00e7\u00e3o Crist\u00e3 (CCFC); da Comiss\u00e3o em Defesa da Vida da arquidiocese e da Comunidade Fam\u00edlia de Nazar\u00e9.<\/p>\n<p><!--more--><\/p>\n<p style=\"text-align: justify\">Com a ci\u00eancia de dom Alberto Tavera, arcebispo de Bel\u00e9m, estiveram presentes o padre Djalma Lopes da Costa, assessor eclesi\u00e1stico da Pastoral Familiar; o jovem casal de m\u00e9dicos, Milena C. Fernandes Caldato e C\u00e1ssio Caldato; presidente e diretor do CBAm, padre Idamor da Mota J\u00fanior; diretor do CCFC, di\u00e1cono permanente Alexandre Martins; presidente da C\u00e1ritas Bel\u00e9m e membro da Comiss\u00e3o em Defesa da Vida, Jo\u00e3o Bosco Gomes, entre outros.<\/p>\n<p style=\"text-align: justify\">O objetivo desse encontro foi iniciar a prepara\u00e7\u00e3o do subs\u00eddio \u201cHora da Vida\u201d, elaborado pela primeira vez o ano passado, e que serve de material de apoio para todas as comunidades cat\u00f3licas do Brasil na organiza\u00e7\u00e3o e realiza\u00e7\u00e3o da Semana Nacional da Vida e Dia do Nascituro, celebrados no in\u00edcio de outubro. As sugest\u00f5es e os temas desta semana e dos encontros que foram propostos mant\u00eam, como pano de fundo, a inspira\u00e7\u00e3o emanada do tema da Campanha da Fraternidade deste ano, \u201cFraternidade e Sa\u00fade P\u00fablica\u201d.<\/p>\n<p style=\"text-align: justify\">\u201cEssa equipe desse Regional da CNBB trabalhar\u00e1 agora na reda\u00e7\u00e3o dos encontros, colaborando assim com a Comiss\u00e3o Vida e Fam\u00edlia na importante miss\u00e3o de promo\u00e7\u00e3o e defesa da vida\u201d, destacou o padre Rafael Fornasier.<\/p>\n","protected":false},"excerpt":{"rendered":"<p>No \u00faltimo final de semana (24 e 25), um dos assessores da Comiss\u00e3o Episcopal Pastoral para a Vida e Fam\u00edlia da CNBB, padre Rafael Fornasier, esteve reunido com os representantes e respons\u00e1veis da Pastoral Familiar da arquidiocese de Bel\u00e9m (PA); do Centro de Bio\u00e9tica da Amaz\u00f4nia (CBAm); do Centro de Cultura e Forma\u00e7\u00e3o Crist\u00e3 (CCFC); &hellip;<\/p>\n<p class=\"read-more\"> <a class=\"\" href=\"https:\/\/www.cnbb.org.br\/vida-e-familia-sao-temas-de-reuniao-em-belem-com-assessor-da-cnbb\/\"> <span class=\"screen-reader-text\">Vida e Fam\u00edlia s\u00e3o temas de reuni\u00e3o em Bel\u00e9m com assessor da CNBB<\/span> Leia mais &raquo;<\/a><\/p>\n","protected":false},"author":83,"featured_media":17926,"comment_status":"open","ping_status":"open","sticky":false,"template":"","format":"standard","meta":{"site-sidebar-layout":"default","site-content-layout":"default","ast-global-header-display":"","ast-banner-title-visibility":"","ast-main-header-display":"","ast-hfb-above-header-display":"","ast-hfb-below-header-display":"","ast-hfb-mobile-header-display":"","site-post-title":"","ast-breadcrumbs-content":"","ast-featured-img":"","footer-sml-layout":"","theme-transparent-header-meta":"","adv-header-id-meta":"","stick-header-meta":"","header-above-stick-meta":"","header-main-stick-meta":"","header-below-stick-meta":""},"categories":[777],"tags":[],"acf":[],"_links":{"self":[{"href":"https:\/\/www.cnbb.org.br\/cnbb-app\/wp\/v2\/posts\/17925"}],"collection":[{"href":"https:\/\/www.cnbb.org.br\/cnbb-app\/wp\/v2\/posts"}],"about":[{"href":"https:\/\/www.cnbb.org.br\/cnbb-app\/wp\/v2\/types\/post"}],"author":[{"embeddable":true,"href":"https:\/\/www.cnbb.org.br\/cnbb-app\/wp\/v2\/users\/83"}],"replies":[{"embeddable":true,"href":"https:\/\/www.cnbb.org.br\/cnbb-app\/wp\/v2\/comments?post=17925"}],"version-history":[{"count":0,"href":"https:\/\/www.cnbb.org.br\/cnbb-app\/wp\/v2\/posts\/17925\/revisions"}],"wp:featuredmedia":[{"embeddable":true,"href":"https:\/\/www.cnbb.org.br\/cnbb-app\/wp\/v2\/media\/17926"}],"wp:attachment":[{"href":"https:\/\/www.cnbb.org.br\/cnbb-app\/wp\/v2\/media?parent=17925"}],"wp:term":[{"taxonomy":"category","embeddable":true,"href":"https:\/\/www.cnbb.org.br\/cnbb-app\/wp\/v2\/categories?post=17925"},{"taxonomy":"post_tag","embeddable":true,"href":"https:\/\/www.cnbb.org.br\/cnbb-app\/wp\/v2\/tags?post=17925"}],"curies":[{"name":"wp","href":"https:\/\/api.w.org\/{rel}","templated":true}]}}