{"id":17933,"date":"2012-05-15T00:00:00","date_gmt":"2012-05-15T03:00:00","guid":{"rendered":"https:\/\/www.cnbb.org.br\/vaticano-divulga-agenda-do-papa-para-o-7o-encontro-mundial-das-familias\/"},"modified":"2020-03-11T16:48:40","modified_gmt":"2020-03-11T19:48:40","slug":"vaticano-divulga-agenda-do-papa-para-o-7o-encontro-mundial-das-familias","status":"publish","type":"post","link":"https:\/\/www.cnbb.org.br\/vaticano-divulga-agenda-do-papa-para-o-7o-encontro-mundial-das-familias\/","title":{"rendered":"Vaticano divulga agenda do Papa para o 7\u00ba Encontro Mundial das Fam\u00edlias"},"content":{"rendered":"<p style=\"text-align: justify\">Pensando na valoriza\u00e7\u00e3o cada vez maior da fam\u00edlia, o papa Bento XVI encontrar\u00e1 as fam\u00edlias do mundo inteiro, em Mil\u00e3o, nos dias 30 de maio a 3 de junho, no 7\u00ba Encontro Mundial das Fam\u00edlias. O encontro que acontece anualmente ter\u00e1 como tema \u201cA fam\u00edlia: o trabalho e a festa\u201d. Os trabalhos para receber milhares de pessoas est\u00e3o em pleno vapor e o hino oficial j\u00e1 est\u00e1 pronto.<\/p>\n<p><!--more--><\/p>\n<p style=\"text-align: justify\">Nesta ter\u00e7a-feira, 15, a Santa S\u00e9 divulgou a programa\u00e7\u00e3o da visita do papa a Mil\u00e3o. O Pont\u00edfice chega a Mil\u00e3o no 1\u00ba de junho, \u00e0s 17h, no hor\u00e1rio local.<\/p>\n<p style=\"text-align: justify\">O primeiro compromisso do Santo Padre ser\u00e1 na Pra\u00e7a Duomo de Mil\u00e3o onde se encontrar\u00e1 com milhares de fi\u00e9is. Em seguida, Bento XVI assiste um concerto musical junto \u00e0s delega\u00e7\u00f5es oficiais do encontro Mundial das Fam\u00edlias, no Teatro Alla Scala de Mil\u00e3o.<\/p>\n<p style=\"text-align: justify\">No s\u00e1bado, 2 de junho, Bento XVI celebrar\u00e1 uma missa privada na Capela do Arcebispo de Mil\u00e3o, \u00e0s 8h e tamb\u00e9m a Hora M\u00e9dia no Duomo de Mil\u00e3o, onde far\u00e1 uma medita\u00e7\u00e3o e a Venera\u00e7\u00e3o das Rel\u00edquias do Santo na Cripta de S\u00e3o Carlos.<\/p>\n<p style=\"text-align: justify\">A agenda do Pont\u00edfice ainda conta com um encontro com os crismados, no Est\u00e1dio &#8220;Giuseppe Meazza&#8221;, em S\u00e3o Siro, e mais tarde um encontro com as autoridades na Sala do Trono do Arcebispo de Mil\u00e3o.<\/p>\n<p style=\"text-align: justify\">O \u00faltimo compromisso do s\u00e1bado ser\u00e1 a Festa dos Testemunhos, no Parque de Bresso.<\/p>\n<p style=\"text-align: justify\">No domingo, 3 de junho, o papa preside a Celebra\u00e7\u00e3o Eucar\u00edstica no Parque de Bresso, faz a Recita\u00e7\u00e3o do Angelus Domini.<br \/>\nMais tarde far\u00e1 uma sauda\u00e7\u00e3o aos Membros da Funda\u00e7\u00e3o Fam\u00edlias 2012 e aos organizadores da Visita na Sala do Trono do Arcebispo de Mil\u00e3o.<\/p>\n<p style=\"text-align: justify\">Encerrando suas atividades oficiais, Bento XV parte do aeroporto de Mil\u00e3o-Linate para Roma, \u00e0s 17h30.<\/p>\n","protected":false},"excerpt":{"rendered":"<p>Pensando na valoriza\u00e7\u00e3o cada vez maior da fam\u00edlia, o papa Bento XVI encontrar\u00e1 as fam\u00edlias do mundo inteiro, em Mil\u00e3o, nos dias 30 de maio a 3 de junho, no 7\u00ba Encontro Mundial das Fam\u00edlias. O encontro que acontece anualmente ter\u00e1 como tema \u201cA fam\u00edlia: o trabalho e a festa\u201d. Os trabalhos para receber milhares &hellip;<\/p>\n<p class=\"read-more\"> <a class=\"\" href=\"https:\/\/www.cnbb.org.br\/vaticano-divulga-agenda-do-papa-para-o-7o-encontro-mundial-das-familias\/\"> <span class=\"screen-reader-text\">Vaticano divulga agenda do Papa para o 7\u00ba Encontro Mundial das Fam\u00edlias<\/span> Leia mais &raquo;<\/a><\/p>\n","protected":false},"author":83,"featured_media":17934,"comment_status":"open","ping_status":"open","sticky":false,"template":"","format":"standard","meta":{"site-sidebar-layout":"default","site-content-layout":"default","ast-global-header-display":"","ast-banner-title-visibility":"","ast-main-header-display":"","ast-hfb-above-header-display":"","ast-hfb-below-header-display":"","ast-hfb-mobile-header-display":"","site-post-title":"","ast-breadcrumbs-content":"","ast-featured-img":"","footer-sml-layout":"","theme-transparent-header-meta":"","adv-header-id-meta":"","stick-header-meta":"","header-above-stick-meta":"","header-main-stick-meta":"","header-below-stick-meta":""},"categories":[777],"tags":[],"acf":[],"_links":{"self":[{"href":"https:\/\/www.cnbb.org.br\/cnbb-app\/wp\/v2\/posts\/17933"}],"collection":[{"href":"https:\/\/www.cnbb.org.br\/cnbb-app\/wp\/v2\/posts"}],"about":[{"href":"https:\/\/www.cnbb.org.br\/cnbb-app\/wp\/v2\/types\/post"}],"author":[{"embeddable":true,"href":"https:\/\/www.cnbb.org.br\/cnbb-app\/wp\/v2\/users\/83"}],"replies":[{"embeddable":true,"href":"https:\/\/www.cnbb.org.br\/cnbb-app\/wp\/v2\/comments?post=17933"}],"version-history":[{"count":0,"href":"https:\/\/www.cnbb.org.br\/cnbb-app\/wp\/v2\/posts\/17933\/revisions"}],"wp:featuredmedia":[{"embeddable":true,"href":"https:\/\/www.cnbb.org.br\/cnbb-app\/wp\/v2\/media\/17934"}],"wp:attachment":[{"href":"https:\/\/www.cnbb.org.br\/cnbb-app\/wp\/v2\/media?parent=17933"}],"wp:term":[{"taxonomy":"category","embeddable":true,"href":"https:\/\/www.cnbb.org.br\/cnbb-app\/wp\/v2\/categories?post=17933"},{"taxonomy":"post_tag","embeddable":true,"href":"https:\/\/www.cnbb.org.br\/cnbb-app\/wp\/v2\/tags?post=17933"}],"curies":[{"name":"wp","href":"https:\/\/api.w.org\/{rel}","templated":true}]}}