{"id":17937,"date":"2012-05-29T00:00:00","date_gmt":"2012-05-29T03:00:00","guid":{"rendered":"https:\/\/www.cnbb.org.br\/feira-em-milao-reune-acoes-em-prol-da-familia\/"},"modified":"2020-03-11T16:48:39","modified_gmt":"2020-03-11T19:48:39","slug":"feira-em-milao-reune-acoes-em-prol-da-familia","status":"publish","type":"post","link":"https:\/\/www.cnbb.org.br\/feira-em-milao-reune-acoes-em-prol-da-familia\/","title":{"rendered":"Feira em Mil\u00e3o re\u00fane a\u00e7\u00f5es em prol da Fam\u00edlia"},"content":{"rendered":"<div style=\"text-align: justify\">Durante o VII Encontro Mundial das Fam\u00edlias, que come\u00e7a na pr\u00f3xima quinta-feira e vai at\u00e9 domingo (de 30 de maio a 3 de junho), em Mil\u00e3o na It\u00e1lia, haver\u00e1 um espa\u00e7o para pr\u00e1ticas positivas e inovadoras em favor das fam\u00edlias. Ser\u00e1 a Feira Internacional da Fam\u00edlia, montada no Fieramilanocity, o mesmo espa\u00e7o onde ser\u00e1 realizado o Congresso Internacional Teol\u00f3gico-Pastoral.<\/div>\n<div style=\"text-align: justify\"><\/div>\n<p><!--more--><\/p>\n<div style=\"text-align: justify\">\nNa Feira vai destacar o trabalho das obras e associa\u00e7\u00f5es familiares de todo o globo. \u201cAs experi\u00eancias dessas associa\u00e7\u00f5es devem auxiliar e motivar o trabalho de nossa Comiss\u00e3o na elabora\u00e7\u00e3o e implanta\u00e7\u00e3o deste trabalho no Brasil\u201d, afirma o assessor da Comiss\u00e3o Episcopal Pastoral para a Vida e Fam\u00edlia, padre Wladimir Porreca, que j\u00e1 est\u00e1 em Mil\u00e3o.<\/p>\n<p>Ele explica que o empenho do presidente da Comiss\u00e3o, dom Jo\u00e3o Carlos Petrini, \u00e9 seguir a orienta\u00e7\u00e3o do Pontif\u00edcio Conselho para as Fam\u00edlias, de tornar poss\u00edvel essa realidade atrav\u00e9s da Pastoral Familiar e dos Movimentos e Servi\u00e7os em prol da Fam\u00edlia.<\/p><\/div>\n","protected":false},"excerpt":{"rendered":"<p>Durante o VII Encontro Mundial das Fam\u00edlias, que come\u00e7a na pr\u00f3xima quinta-feira e vai at\u00e9 domingo (de 30 de maio a 3 de junho), em Mil\u00e3o na It\u00e1lia, haver\u00e1 um espa\u00e7o para pr\u00e1ticas positivas e inovadoras em favor das fam\u00edlias. Ser\u00e1 a Feira Internacional da Fam\u00edlia, montada no Fieramilanocity, o mesmo espa\u00e7o onde ser\u00e1 realizado &hellip;<\/p>\n<p class=\"read-more\"> <a class=\"\" href=\"https:\/\/www.cnbb.org.br\/feira-em-milao-reune-acoes-em-prol-da-familia\/\"> <span class=\"screen-reader-text\">Feira em Mil\u00e3o re\u00fane a\u00e7\u00f5es em prol da Fam\u00edlia<\/span> Leia mais &raquo;<\/a><\/p>\n","protected":false},"author":83,"featured_media":17938,"comment_status":"open","ping_status":"open","sticky":false,"template":"","format":"standard","meta":{"site-sidebar-layout":"default","site-content-layout":"default","ast-global-header-display":"","ast-banner-title-visibility":"","ast-main-header-display":"","ast-hfb-above-header-display":"","ast-hfb-below-header-display":"","ast-hfb-mobile-header-display":"","site-post-title":"","ast-breadcrumbs-content":"","ast-featured-img":"","footer-sml-layout":"","theme-transparent-header-meta":"","adv-header-id-meta":"","stick-header-meta":"","header-above-stick-meta":"","header-main-stick-meta":"","header-below-stick-meta":""},"categories":[777],"tags":[],"acf":[],"_links":{"self":[{"href":"https:\/\/www.cnbb.org.br\/cnbb-app\/wp\/v2\/posts\/17937"}],"collection":[{"href":"https:\/\/www.cnbb.org.br\/cnbb-app\/wp\/v2\/posts"}],"about":[{"href":"https:\/\/www.cnbb.org.br\/cnbb-app\/wp\/v2\/types\/post"}],"author":[{"embeddable":true,"href":"https:\/\/www.cnbb.org.br\/cnbb-app\/wp\/v2\/users\/83"}],"replies":[{"embeddable":true,"href":"https:\/\/www.cnbb.org.br\/cnbb-app\/wp\/v2\/comments?post=17937"}],"version-history":[{"count":0,"href":"https:\/\/www.cnbb.org.br\/cnbb-app\/wp\/v2\/posts\/17937\/revisions"}],"wp:featuredmedia":[{"embeddable":true,"href":"https:\/\/www.cnbb.org.br\/cnbb-app\/wp\/v2\/media\/17938"}],"wp:attachment":[{"href":"https:\/\/www.cnbb.org.br\/cnbb-app\/wp\/v2\/media?parent=17937"}],"wp:term":[{"taxonomy":"category","embeddable":true,"href":"https:\/\/www.cnbb.org.br\/cnbb-app\/wp\/v2\/categories?post=17937"},{"taxonomy":"post_tag","embeddable":true,"href":"https:\/\/www.cnbb.org.br\/cnbb-app\/wp\/v2\/tags?post=17937"}],"curies":[{"name":"wp","href":"https:\/\/api.w.org\/{rel}","templated":true}]}}