{"id":17939,"date":"2012-05-30T00:00:00","date_gmt":"2012-05-30T03:00:00","guid":{"rendered":"https:\/\/www.cnbb.org.br\/comeca-o-7o-encontro-mundial-das-familias\/"},"modified":"2020-03-11T16:48:39","modified_gmt":"2020-03-11T19:48:39","slug":"comeca-o-7o-encontro-mundial-das-familias","status":"publish","type":"post","link":"https:\/\/www.cnbb.org.br\/comeca-o-7o-encontro-mundial-das-familias\/","title":{"rendered":"Come\u00e7a o 7\u00ba Encontro Mundial das Fam\u00edlias"},"content":{"rendered":"<p style=\"text-align: justify\">Na manh\u00e3 de hoje, 30, foi feita a abertura oficial do 7\u00ba Encontro Mundial das Fam\u00edlias, que acontece em Mil\u00e3o, It\u00e1lia. Aproximadamente 10 mil pessoas participam dos Congressos Teol\u00f3gico-pastorais. Na cerim\u00f4nia de abertura contou com a presen\u00e7a do arcebispo de Mil\u00e3o, cardeal \u00c2ngelo Scola e do presidente do Pontif\u00edcio Conselho para a Fam\u00edlia, cardeal Ennio Antonelli. Presidiu \u00e0 sess\u00e3o o cardeal Riviero Carrera, arcebispo da Cidade do M\u00e9xico.<\/p>\n<p><!--more--><\/p>\n<p style=\"text-align: justify\"><img decoding=\"async\" loading=\"lazy\" class=\" alignright size-full wp-image-14833\" style=\"float: right\" title=\"Cardeal \u00c2ngelo Scola\" src=\"https:\/\/www.cnbb.org.br\/wp-content\/uploads\/2020\/03\/cardealangeloscola.jpg\" alt=\"cardealangeloscola\" width=\"300\" height=\"237\" \/>O cardeal \u00c2ngelo Scola fez a sauda\u00e7\u00e3o inicial do Encontro Mundial das Fam\u00edlias, e acolheu a todos. J\u00e1 o cardeal Ennio Antonelli fez uma sauda\u00e7\u00e3o de consolo aos atingidos pelo terremoto assolou parte da It\u00e1lia ontem, 29 de maio, matando, at\u00e9 o momento, 15 pessoas e deixando milhares de desabrigados ou desalojados.<\/p>\n<p style=\"text-align: justify\">Dom Ennio discursou rapidamente abordando o tema do Encontro, \u201cA fam\u00edlia: o trabalho e a festa\u201d, como tr\u00eas valores humanos, dons iniciais, caracter\u00edsticas do homem.<\/p>\n<p style=\"text-align: justify\">\u201cS\u00f3 o homem cria fam\u00edlia, s\u00f3 o homem trabalha e s\u00f3 o homem faz festa. Tr\u00eas dimens\u00f5es, entre elas complementares e interdependentes. A fam\u00edlia cria o trabalho e o trabalho com o capital humano, que \u00e9 a fam\u00edlia. O trabalho recebe a alegria da festa. A beleza da vida ordin\u00e1ria e o bem-estar em comunidade depende da vida pessoal e em fam\u00edlia. Isso \u00e9 a tr\u00edplice ben\u00e7\u00e3o de Deus\u201d, disse dom Ennio.<\/p>\n<p style=\"text-align: justify\"><img decoding=\"async\" loading=\"lazy\" class=\" alignright size-full wp-image-14834\" style=\"float: right\" title=\"Cardeal Ennio Antonelli\" src=\"https:\/\/www.cnbb.org.br\/wp-content\/uploads\/2020\/03\/cardealennio.jpg\" alt=\"cardealennio\" width=\"300\" height=\"207\" \/>O cardeal Rivera Carrera preside a mesa de discuss\u00f5es. Outro a palestrar foi o cardeal Gianfranco Ravasi, presidente do Pontif\u00edcio Conselho para a Cultura, no Vaticano. Ele abordou o tema: A fam\u00edlia &#8211; entre obra da cria\u00e7\u00e3o e festa da salva\u00e7\u00e3o.<\/p>\n<p style=\"text-align: justify\">Falando de modo muito informal, mas tecendo uma exposi\u00e7\u00e3o muito rica, profunda e clara, empregou o s\u00edmbolo da \u201ccasa\u201d para falar da fam\u00edlia, do trabalho e da festa. A partir desta imagem, identificou o casal como a funda\u00e7\u00e3o e os filhos como a constru\u00e7\u00e3o no seu todo. Ao interno desta imagem, fez uma divis\u00e3o desta \u201ccasa\u201d em tr\u00eas \u201cc\u00f4modos\u201d: o \u201cc\u00f4modo\u201d da dor, o \u201cc\u00f4modo\u201d do trabalho e o \u201cc\u00f4modo\u201d da festa. Buscou sempre as analogias b\u00edblicas, fundamentado sua fala em trechos importantes da Sagrada Escritura.<\/p>\n<p style=\"text-align: justify\">O \u00faltimo palestrante da manh\u00e3 foi o professor de economia da Faculdade de Economia da Universidade de Mil\u00e3o-Bicocca, Luigino Bruni, que falou sobre a fam\u00edlia, o trabalho e a festa no mundo. O professor falou da economia como sendo o governo da casa.<\/p>\n<p style=\"text-align: justify\">Insistiu no tema da gratuidade, a qual deve ser trabalha hoje, a fim de o contrato entre patr\u00f5es e empregados ser, de fato, o resultado de uma troca de dons. \u201cDe outro modo, o trabalho passa a ser quase uma escravid\u00e3o contempor\u00e2nea\u201d, enfatizou Luigino Bruni. Ele ainda apontou a fam\u00edlia como o local pr\u00f3prio para serem desenvolvidas as virtudes, inclusive a da gratuidade. \u201cEste s\u00f3 ser\u00e1 frutuoso se permitir a boa estrutura da fam\u00edlia e o retorno dos trabalhadores para casa\u201d, completou.<\/p>\n","protected":false},"excerpt":{"rendered":"<p>Na manh\u00e3 de hoje, 30, foi feita a abertura oficial do 7\u00ba Encontro Mundial das Fam\u00edlias, que acontece em Mil\u00e3o, It\u00e1lia. Aproximadamente 10 mil pessoas participam dos Congressos Teol\u00f3gico-pastorais. Na cerim\u00f4nia de abertura contou com a presen\u00e7a do arcebispo de Mil\u00e3o, cardeal \u00c2ngelo Scola e do presidente do Pontif\u00edcio Conselho para a Fam\u00edlia, cardeal Ennio &hellip;<\/p>\n<p class=\"read-more\"> <a class=\"\" href=\"https:\/\/www.cnbb.org.br\/comeca-o-7o-encontro-mundial-das-familias\/\"> <span class=\"screen-reader-text\">Come\u00e7a o 7\u00ba Encontro Mundial das Fam\u00edlias<\/span> Leia mais &raquo;<\/a><\/p>\n","protected":false},"author":83,"featured_media":17940,"comment_status":"open","ping_status":"open","sticky":false,"template":"","format":"standard","meta":{"site-sidebar-layout":"default","site-content-layout":"default","ast-global-header-display":"","ast-banner-title-visibility":"","ast-main-header-display":"","ast-hfb-above-header-display":"","ast-hfb-below-header-display":"","ast-hfb-mobile-header-display":"","site-post-title":"","ast-breadcrumbs-content":"","ast-featured-img":"","footer-sml-layout":"","theme-transparent-header-meta":"","adv-header-id-meta":"","stick-header-meta":"","header-above-stick-meta":"","header-main-stick-meta":"","header-below-stick-meta":""},"categories":[777],"tags":[],"acf":[],"_links":{"self":[{"href":"https:\/\/www.cnbb.org.br\/cnbb-app\/wp\/v2\/posts\/17939"}],"collection":[{"href":"https:\/\/www.cnbb.org.br\/cnbb-app\/wp\/v2\/posts"}],"about":[{"href":"https:\/\/www.cnbb.org.br\/cnbb-app\/wp\/v2\/types\/post"}],"author":[{"embeddable":true,"href":"https:\/\/www.cnbb.org.br\/cnbb-app\/wp\/v2\/users\/83"}],"replies":[{"embeddable":true,"href":"https:\/\/www.cnbb.org.br\/cnbb-app\/wp\/v2\/comments?post=17939"}],"version-history":[{"count":0,"href":"https:\/\/www.cnbb.org.br\/cnbb-app\/wp\/v2\/posts\/17939\/revisions"}],"wp:featuredmedia":[{"embeddable":true,"href":"https:\/\/www.cnbb.org.br\/cnbb-app\/wp\/v2\/media\/17940"}],"wp:attachment":[{"href":"https:\/\/www.cnbb.org.br\/cnbb-app\/wp\/v2\/media?parent=17939"}],"wp:term":[{"taxonomy":"category","embeddable":true,"href":"https:\/\/www.cnbb.org.br\/cnbb-app\/wp\/v2\/categories?post=17939"},{"taxonomy":"post_tag","embeddable":true,"href":"https:\/\/www.cnbb.org.br\/cnbb-app\/wp\/v2\/tags?post=17939"}],"curies":[{"name":"wp","href":"https:\/\/api.w.org\/{rel}","templated":true}]}}