{"id":17942,"date":"2012-05-30T00:00:00","date_gmt":"2012-05-30T03:00:00","guid":{"rendered":"https:\/\/www.cnbb.org.br\/aberta-feira-internacional-que-destaca-acoes-em-prol-da-familia\/"},"modified":"2020-03-11T16:48:39","modified_gmt":"2020-03-11T19:48:39","slug":"aberta-feira-internacional-que-destaca-acoes-em-prol-da-familia","status":"publish","type":"post","link":"https:\/\/www.cnbb.org.br\/aberta-feira-internacional-que-destaca-acoes-em-prol-da-familia\/","title":{"rendered":"Aberta Feira Internacional que destaca a\u00e7\u00f5es em prol da Fam\u00edlia"},"content":{"rendered":"<div style=\"text-align: justify\"><\/div>\n<div style=\"text-align: justify\"><\/div>\n<div style=\"text-align: justify\">Pain\u00e9is e cartazes acolhem os participantes do VII Encontro Mundial das Fam\u00edlias, que come\u00e7a nesta quarta-feira, 30 de maio, e vai at\u00e9 domingo, em Mil\u00e3o, na It\u00e1lia. &#8220;Para muitos milaneses esta \u00e9 uma oportunidade \u00fanica para anunciar a beleza da fam\u00edlia para todo o mundo&#8221;, afirma o assessor da Comiss\u00e3o Episcopal Vida e Fam\u00edlia da CNBB, padre Wladimir Porreca, que participa do evento.<\/div>\n<div style=\"text-align: justify\"><\/div>\n<p><!--more--><\/p>\n<div style=\"text-align: justify\">\nNa ter\u00e7a-feira foi realizada a abertura da Feira Internacional da Familia, que re\u00fane iniciativas em prol da fam\u00edlia de todo o mundo. A solenidade contou com a apresenta\u00e7\u00e3o de autoridades civis e militares, e do arcebispo de Mil\u00e3o, Cardeal Angelo Scola. Em seu discurso, ele agradeceu o empenho dos coordenadores e desejou que o encontro seja marcado pelo testemunho concreto da f\u00e9.<\/p>\n<p>Foi uma crian\u00e7a quem realizou o corte da fita, simbolizando a abertura oficial do evento. Padre Wladimir lembra que entre os volunt\u00e1rios que trabalham no Encontro est\u00e3o tr\u00eas brasileiras. A estimativa \u00e9 de 150 brasileiros participem do evento.<\/p><\/div>\n","protected":false},"excerpt":{"rendered":"<p>Pain\u00e9is e cartazes acolhem os participantes do VII Encontro Mundial das Fam\u00edlias, que come\u00e7a nesta quarta-feira, 30 de maio, e vai at\u00e9 domingo, em Mil\u00e3o, na It\u00e1lia. &#8220;Para muitos milaneses esta \u00e9 uma oportunidade \u00fanica para anunciar a beleza da fam\u00edlia para todo o mundo&#8221;, afirma o assessor da Comiss\u00e3o Episcopal Vida e Fam\u00edlia da &hellip;<\/p>\n<p class=\"read-more\"> <a class=\"\" href=\"https:\/\/www.cnbb.org.br\/aberta-feira-internacional-que-destaca-acoes-em-prol-da-familia\/\"> <span class=\"screen-reader-text\">Aberta Feira Internacional que destaca a\u00e7\u00f5es em prol da Fam\u00edlia<\/span> Leia mais &raquo;<\/a><\/p>\n","protected":false},"author":83,"featured_media":17943,"comment_status":"open","ping_status":"open","sticky":false,"template":"","format":"standard","meta":{"site-sidebar-layout":"default","site-content-layout":"default","ast-global-header-display":"","ast-banner-title-visibility":"","ast-main-header-display":"","ast-hfb-above-header-display":"","ast-hfb-below-header-display":"","ast-hfb-mobile-header-display":"","site-post-title":"","ast-breadcrumbs-content":"","ast-featured-img":"","footer-sml-layout":"","theme-transparent-header-meta":"","adv-header-id-meta":"","stick-header-meta":"","header-above-stick-meta":"","header-main-stick-meta":"","header-below-stick-meta":""},"categories":[777],"tags":[],"acf":[],"_links":{"self":[{"href":"https:\/\/www.cnbb.org.br\/cnbb-app\/wp\/v2\/posts\/17942"}],"collection":[{"href":"https:\/\/www.cnbb.org.br\/cnbb-app\/wp\/v2\/posts"}],"about":[{"href":"https:\/\/www.cnbb.org.br\/cnbb-app\/wp\/v2\/types\/post"}],"author":[{"embeddable":true,"href":"https:\/\/www.cnbb.org.br\/cnbb-app\/wp\/v2\/users\/83"}],"replies":[{"embeddable":true,"href":"https:\/\/www.cnbb.org.br\/cnbb-app\/wp\/v2\/comments?post=17942"}],"version-history":[{"count":0,"href":"https:\/\/www.cnbb.org.br\/cnbb-app\/wp\/v2\/posts\/17942\/revisions"}],"wp:featuredmedia":[{"embeddable":true,"href":"https:\/\/www.cnbb.org.br\/cnbb-app\/wp\/v2\/media\/17943"}],"wp:attachment":[{"href":"https:\/\/www.cnbb.org.br\/cnbb-app\/wp\/v2\/media?parent=17942"}],"wp:term":[{"taxonomy":"category","embeddable":true,"href":"https:\/\/www.cnbb.org.br\/cnbb-app\/wp\/v2\/categories?post=17942"},{"taxonomy":"post_tag","embeddable":true,"href":"https:\/\/www.cnbb.org.br\/cnbb-app\/wp\/v2\/tags?post=17942"}],"curies":[{"name":"wp","href":"https:\/\/api.w.org\/{rel}","templated":true}]}}