{"id":17959,"date":"2012-06-26T00:00:00","date_gmt":"2012-06-26T03:00:00","guid":{"rendered":"https:\/\/www.cnbb.org.br\/lancado-novo-formato-da-revista-vida-e-familia\/"},"modified":"2020-03-11T16:48:37","modified_gmt":"2020-03-11T19:48:37","slug":"lancado-novo-formato-da-revista-vida-e-familia","status":"publish","type":"post","link":"https:\/\/www.cnbb.org.br\/lancado-novo-formato-da-revista-vida-e-familia\/","title":{"rendered":"Lan\u00e7ado o novo formato da revista Vida e Fam\u00edlia"},"content":{"rendered":"<p style=\"text-align: justify\">Fruto de uma parceria de sucesso, h\u00e1 mais de 20 anos, entre a Comiss\u00e3o Nacional da Pastoral Familiar e a Comiss\u00e3o Episcopal Pastoral para a Vida e Fam\u00edlia da Confer\u00eancia Nacional dos Bispos do Brasil (CNBB), a revista Vida e Fam\u00edlia est\u00e1 de cara nova. A publica\u00e7\u00e3o, lan\u00e7ada a cada tr\u00eas meses, nesta edi\u00e7\u00e3o de junho de 2012 apresenta um novo formato, com o selo ISSN (Internacional Standart Serial Number), um identificador padr\u00e3o de publica\u00e7\u00f5es seriadas.<\/p>\n<p><!--more--><\/p>\n<p style=\"text-align: justify\">Os assessores da Comiss\u00e3o Vida e Fam\u00edlia, padre Rafael Fornasier e Wladimir Porreca, est\u00e3o \u00e0 frente da edi\u00e7\u00e3o da revista, que, de acordo com padre Rafael, visa difundir conte\u00fado \u201cformativo e informativo\u201d. \u201c\u00c9 uma revista pastoral, mas que tamb\u00e9m busca contribuir nas reflex\u00f5es de temas ligados \u00e0 vida e \u00e0 fam\u00edlia\u201d, disse Rafael.<\/p>\n<p style=\"text-align: justify\">A revista \u00e9 voltada para os bispos do Brasil e assinantes, e cont\u00e9m artigos que contam com a participa\u00e7\u00e3o e a colabora\u00e7\u00e3o de especialistas com experi\u00eancia nas quest\u00f5es ligadas \u00e0 vida e \u00e0 fam\u00edlia. \u201cA revista \u00e9 um espa\u00e7o para temas da atualidade que contribuam com a forma\u00e7\u00e3o dos membros das pastorais familiares, padres e bispos\u201d, explica o padre. A publica\u00e7\u00e3o tamb\u00e9m conta com a participa\u00e7\u00e3o dos regionais, que colaboram com not\u00edcias locais.<\/p>\n<p style=\"text-align: justify\">Ainda de acordo com Rafael Fornasier, a aceita\u00e7\u00e3o da revista no Brasil \u00e9 grande, comprovada pelo crescente n\u00famero de assinantes. \u201cTemos um grande retorno por e-mail de pessoas que demonstram que a revista tem ajudado na reflex\u00e3o. Bispos nos agradecem pessoalmente e elogiam a qualidade da revista\u201d, cita.<\/p>\n<p style=\"text-align: justify\">Como a publica\u00e7\u00e3o \u2018Vida e Fam\u00edlia\u2019 n\u00e3o \u00e9 voltada exclusivamente para religiosos, o editor informa que os interessados em fazer a assinatura da publica\u00e7\u00e3o podem entrar em contato com a Secretaria Executiva Nacional de Pastoral Familiar (Secren) no telefone (61) 3443-2900, ou no e-mail secren@cnpf.org.br.<\/p>\n","protected":false},"excerpt":{"rendered":"<p>Fruto de uma parceria de sucesso, h\u00e1 mais de 20 anos, entre a Comiss\u00e3o Nacional da Pastoral Familiar e a Comiss\u00e3o Episcopal Pastoral para a Vida e Fam\u00edlia da Confer\u00eancia Nacional dos Bispos do Brasil (CNBB), a revista Vida e Fam\u00edlia est\u00e1 de cara nova. A publica\u00e7\u00e3o, lan\u00e7ada a cada tr\u00eas meses, nesta edi\u00e7\u00e3o de &hellip;<\/p>\n<p class=\"read-more\"> <a class=\"\" href=\"https:\/\/www.cnbb.org.br\/lancado-novo-formato-da-revista-vida-e-familia\/\"> <span class=\"screen-reader-text\">Lan\u00e7ado o novo formato da revista Vida e Fam\u00edlia<\/span> Leia mais &raquo;<\/a><\/p>\n","protected":false},"author":83,"featured_media":17960,"comment_status":"open","ping_status":"open","sticky":false,"template":"","format":"standard","meta":{"site-sidebar-layout":"default","site-content-layout":"default","ast-global-header-display":"","ast-banner-title-visibility":"","ast-main-header-display":"","ast-hfb-above-header-display":"","ast-hfb-below-header-display":"","ast-hfb-mobile-header-display":"","site-post-title":"","ast-breadcrumbs-content":"","ast-featured-img":"","footer-sml-layout":"","theme-transparent-header-meta":"","adv-header-id-meta":"","stick-header-meta":"","header-above-stick-meta":"","header-main-stick-meta":"","header-below-stick-meta":""},"categories":[777],"tags":[],"acf":[],"_links":{"self":[{"href":"https:\/\/www.cnbb.org.br\/cnbb-app\/wp\/v2\/posts\/17959"}],"collection":[{"href":"https:\/\/www.cnbb.org.br\/cnbb-app\/wp\/v2\/posts"}],"about":[{"href":"https:\/\/www.cnbb.org.br\/cnbb-app\/wp\/v2\/types\/post"}],"author":[{"embeddable":true,"href":"https:\/\/www.cnbb.org.br\/cnbb-app\/wp\/v2\/users\/83"}],"replies":[{"embeddable":true,"href":"https:\/\/www.cnbb.org.br\/cnbb-app\/wp\/v2\/comments?post=17959"}],"version-history":[{"count":0,"href":"https:\/\/www.cnbb.org.br\/cnbb-app\/wp\/v2\/posts\/17959\/revisions"}],"wp:featuredmedia":[{"embeddable":true,"href":"https:\/\/www.cnbb.org.br\/cnbb-app\/wp\/v2\/media\/17960"}],"wp:attachment":[{"href":"https:\/\/www.cnbb.org.br\/cnbb-app\/wp\/v2\/media?parent=17959"}],"wp:term":[{"taxonomy":"category","embeddable":true,"href":"https:\/\/www.cnbb.org.br\/cnbb-app\/wp\/v2\/categories?post=17959"},{"taxonomy":"post_tag","embeddable":true,"href":"https:\/\/www.cnbb.org.br\/cnbb-app\/wp\/v2\/tags?post=17959"}],"curies":[{"name":"wp","href":"https:\/\/api.w.org\/{rel}","templated":true}]}}