{"id":17963,"date":"2012-07-04T00:00:00","date_gmt":"2012-07-04T03:00:00","guid":{"rendered":"https:\/\/www.cnbb.org.br\/realizada-primeira-sessao-do-sinodo-dedicado-a-familia\/"},"modified":"2020-03-11T16:48:37","modified_gmt":"2020-03-11T19:48:37","slug":"realizada-primeira-sessao-do-sinodo-dedicado-a-familia","status":"publish","type":"post","link":"https:\/\/www.cnbb.org.br\/realizada-primeira-sessao-do-sinodo-dedicado-a-familia\/","title":{"rendered":"Realizada primeira sess\u00e3o do S\u00ednodo dedicado \u00e0 Fam\u00edlia"},"content":{"rendered":"<p style=\"text-align: justify\">Com a presen\u00e7a do bispo de Porto Nacional (TO), dom Romualdo Matias Kujawski, sacerdotes, di\u00e1conos, religiosas, leigos e leigas; a diocese de Porto Nacional, em prepara\u00e7\u00e3o para seu centen\u00e1rio, realizou no \u00faltimo final de semana (28 \/29 de Junho e 01 de Julho), em Taguatinga (TO), a primeira sess\u00e3o do S\u00ednodo neste ano dedicado \u00e0 Fam\u00edlia.<\/p>\n<p><!--more--><\/p>\n<p style=\"text-align: justify\">Dom Romualdo abriu solenemente o S\u00ednodo, apresentando o seu significado pastoral e a metodologia a ser seguida em todas as sess\u00f5es. Por fim, convidando os delegados sinodais para a solene profiss\u00e3o de f\u00e9.<\/p>\n<p style=\"text-align: justify\">Padre Edmilson Costa Ben\u00edcio, detalhou a metodologia do s\u00ednodo, distribuindo os delegados sinodais nas seguintes comiss\u00f5es de trabalhos pastorais: Comiss\u00e3o Pastoral para os Minist\u00e9rios Ordenados e a Vida Consagrada; Presidente eleito; Comiss\u00e3o Pastoral para o Laicato e Minist\u00e9rios Leigos; Comiss\u00e3o Pastoral para a Juventude; Comiss\u00e3o Pastoral para a A\u00e7\u00e3o Mission\u00e1ria e Coopera\u00e7\u00e3o Intereclesial; Comiss\u00e3o Pastoral para a Anima\u00e7\u00e3o B\u00edblico-Catequ\u00e9tica; Comiss\u00e3o Pastoral para Anima\u00e7\u00e3o Lit\u00fargica; Comiss\u00e3o Pastoral para o Servi\u00e7o da Caridade, da Justi\u00e7a e da Paz; Comiss\u00e3o Pastoral para a Vida e a Fam\u00edlia; Comiss\u00e3o Pastoral para a Comunica\u00e7\u00e3o.<\/p>\n<p style=\"text-align: justify\">O assessor da Comiss\u00e3o Episcopal Pastoral para a Vida e a Fam\u00edlia da Confer\u00eancia Nacional dos Bispos do Brasil (CNBB), padre Wladimir Porreca, apresentou em tr\u00eas palestras ilustrativas as mudan\u00e7as do perfil da fam\u00edlia e as suas causas. Os delegados sinodais enriqueceram as reflex\u00f5es apresentando a realidade das fam\u00edlias da diocese a partir do seu ponto de vista, ou seja, a partir da comiss\u00e3o que faziam parte e de um pequeno texto provocativo retirado da Exorta\u00e7\u00e3o Apost\u00f3lica Familiaris Consortio de Jo\u00e3o Paulo II.<\/p>\n<p style=\"text-align: justify\">A comunidade de Taguatinga e seu p\u00e1roco, padre Eldinei, organizaram e acolheram os visitantes. Uma grande carreata com a r\u00e9plica de Nossa Senhora das Merc\u00eas, seguida pela Santa Missa, deram visibilidade ao revigoramento pastoral da Diocese de Porto Nacional e o seu empenho na reflex\u00e3o e busca do novo jeito de ser Igreja que acolhe e ama as fam\u00edlias.<\/p>\n<p style=\"text-align: justify\">Na ocasi\u00e3o foram eleitos os membros do provis\u00f3rio Conselho Diocesano de Pastoral: dom Romualdo, bispo Diocesano; monsenhor Juarez, vig\u00e1rio geral e assessor diocesano; padre Edmilson, coordenador de Pastoral; padre Marcos Aur\u00e9lio Ramalho, Comiss\u00e3o Pastoral para os Minist\u00e9rios Ordenados e a Vida Consagrada; Leandro Gomes &#8211; Evina &#8211; Comiss\u00e3o Pastoral para o Laicato e Minist\u00e9rios Leigos; padre M\u00e1rcio \u2013 Joaquim \u2013 padre Jackson &#8211; Comiss\u00e3o Pastoral para a Juventude; monsenhor Jones Pedreira \u2013 irm\u00e3 Terezinha &#8211; Comiss\u00e3o Pastoral para a A\u00e7\u00e3o Mission\u00e1ria e Coopera\u00e7\u00e3o Intereclesial; di\u00e1cono Alex Daniel &#8211; Terezinha Pimentel \u2013 Comiss\u00e3o Pastoral para a Anima\u00e7\u00e3o B\u00edblico-Catequ\u00e9tica; padre Osmam e di\u00e1cono Kelton &#8211; Comiss\u00e3o Pastoral para Anima\u00e7\u00e3o Lit\u00fargica; di\u00e1cono Ad\u00e3o e di\u00e1cono Heldeir &#8211; Comiss\u00e3o Pastoral para o Servi\u00e7o da Caridade, da Justi\u00e7a e da Paz, Maxsuel Amorin \u2013 padre Ira\u00e7on Comiss\u00e3o Pastoral para a Vida e a Fam\u00edlia; Irene &#8211; Comiss\u00e3o Pastoral para a Comunica\u00e7\u00e3o\/Sec. Sinodo; padre Vanderlan Cunha \u2013 Representante dos Presbit\u00e9ros; irm\u00e3 Alice &#8211; Representante das Religiosas.<\/p>\n<p style=\"text-align: justify\">Por fim, o Bispo fez o encerramento desta sess\u00e3o com a Santa Miss\u00e3o. \u201cNo dia em que a Igreja celebra a solenidade do mart\u00edrio de S\u00e3o Pedro e S\u00e3o Paulo, somos chamados a dar a vida pela Igreja, plantando nas nossas comunidades as sementes que colhemos nesta primeira sess\u00e3o do s\u00ednodo\u201d.<\/p>\n","protected":false},"excerpt":{"rendered":"<p>Com a presen\u00e7a do bispo de Porto Nacional (TO), dom Romualdo Matias Kujawski, sacerdotes, di\u00e1conos, religiosas, leigos e leigas; a diocese de Porto Nacional, em prepara\u00e7\u00e3o para seu centen\u00e1rio, realizou no \u00faltimo final de semana (28 \/29 de Junho e 01 de Julho), em Taguatinga (TO), a primeira sess\u00e3o do S\u00ednodo neste ano dedicado \u00e0 &hellip;<\/p>\n<p class=\"read-more\"> <a class=\"\" href=\"https:\/\/www.cnbb.org.br\/realizada-primeira-sessao-do-sinodo-dedicado-a-familia\/\"> <span class=\"screen-reader-text\">Realizada primeira sess\u00e3o do S\u00ednodo dedicado \u00e0 Fam\u00edlia<\/span> Leia mais &raquo;<\/a><\/p>\n","protected":false},"author":83,"featured_media":0,"comment_status":"open","ping_status":"open","sticky":false,"template":"","format":"standard","meta":{"site-sidebar-layout":"default","site-content-layout":"default","ast-global-header-display":"","ast-banner-title-visibility":"","ast-main-header-display":"","ast-hfb-above-header-display":"","ast-hfb-below-header-display":"","ast-hfb-mobile-header-display":"","site-post-title":"","ast-breadcrumbs-content":"","ast-featured-img":"","footer-sml-layout":"","theme-transparent-header-meta":"","adv-header-id-meta":"","stick-header-meta":"","header-above-stick-meta":"","header-main-stick-meta":"","header-below-stick-meta":""},"categories":[777],"tags":[],"acf":[],"_links":{"self":[{"href":"https:\/\/www.cnbb.org.br\/cnbb-app\/wp\/v2\/posts\/17963"}],"collection":[{"href":"https:\/\/www.cnbb.org.br\/cnbb-app\/wp\/v2\/posts"}],"about":[{"href":"https:\/\/www.cnbb.org.br\/cnbb-app\/wp\/v2\/types\/post"}],"author":[{"embeddable":true,"href":"https:\/\/www.cnbb.org.br\/cnbb-app\/wp\/v2\/users\/83"}],"replies":[{"embeddable":true,"href":"https:\/\/www.cnbb.org.br\/cnbb-app\/wp\/v2\/comments?post=17963"}],"version-history":[{"count":0,"href":"https:\/\/www.cnbb.org.br\/cnbb-app\/wp\/v2\/posts\/17963\/revisions"}],"wp:attachment":[{"href":"https:\/\/www.cnbb.org.br\/cnbb-app\/wp\/v2\/media?parent=17963"}],"wp:term":[{"taxonomy":"category","embeddable":true,"href":"https:\/\/www.cnbb.org.br\/cnbb-app\/wp\/v2\/categories?post=17963"},{"taxonomy":"post_tag","embeddable":true,"href":"https:\/\/www.cnbb.org.br\/cnbb-app\/wp\/v2\/tags?post=17963"}],"curies":[{"name":"wp","href":"https:\/\/api.w.org\/{rel}","templated":true}]}}