{"id":17993,"date":"2012-08-31T00:00:00","date_gmt":"2012-08-31T03:00:00","guid":{"rendered":"https:\/\/www.cnbb.org.br\/lei-institui-a-semana-estadual-da-familia-no-maranhao\/"},"modified":"2020-03-11T16:48:30","modified_gmt":"2020-03-11T19:48:30","slug":"lei-institui-a-semana-estadual-da-familia-no-maranhao","status":"publish","type":"post","link":"https:\/\/www.cnbb.org.br\/lei-institui-a-semana-estadual-da-familia-no-maranhao\/","title":{"rendered":"Lei institui a Semana Estadual da Fam\u00edlia no Maranh\u00e3o"},"content":{"rendered":"<p style=\"text-align: justify\">O governo do estado do Maranh\u00e3o (MA) aprovou um Projeto de Lei que institui oficialmente a Semana Estadual da Fam\u00edlia ao calend\u00e1rio do Maranh\u00e3o. O Projeto de Lei n\u00ba. 208\/11 visa que, a crit\u00e9rio dos poderes Executivo e Legislativo, sejam realizados eventos culturais, palestras de conscientiza\u00e7\u00e3o, atividades de lazer e integra\u00e7\u00e3o nas escolas, associa\u00e7\u00f5es, igrejas e demais institui\u00e7\u00f5es voltadas aos valores morais e \u00e9ticos da fam\u00edlia. A nova lei estabelece que a data seja comemorada anualmente no segundo domingo do m\u00eas de agosto.<\/p>\n<p><!--more--><\/p>\n<p style=\"text-align: justify\">Em celebra\u00e7\u00e3o pela passagem da Semana Estadual da Fam\u00edlia, no dia 23 de agosto, a Assembleia Legislativa do Maranh\u00e3o realizou uma sess\u00e3o solene. Na ocasi\u00e3o, estiveram presentes, o bispo auxiliar de S\u00e3o Lu\u00eds do Maranh\u00e3o, dom Jos\u00e9 Carlos Chacorowski; o procurador-geral interino da Justi\u00e7a, Suwamy Vivekananda; o assessor da Pastoral Fam\u00edliar, padre Marcelo Pepin; a coordenadora nacional da Pastoral Familiar Vera L\u00facia Moraes; e o assessor da Comiss\u00e3o Episcopal Pastoral para a Vida e a Fam\u00edlia da Confer\u00eancia Nacional dos Bispos do Brasil (CNBB), padre Wladimir Porreca, dentre outras autoridades eclesiais, civis e militares.<\/p>\n<p style=\"text-align: justify\">\u201cA aprova\u00e7\u00e3o do projeto vai proporcionar meios e recursos para que a fam\u00edlia possa ser promovida como um bem social da humanidade, de modo especial para o estado do Maranh\u00e3o\u201d, disse o padre Wladimir Porreca. O assessor ainda explicou de que forma a comiss\u00e3o contribuiu para a aprova\u00e7\u00e3o da lei. \u201cA comiss\u00e3o atuou, junto aos membros do Regional Nordeste 5 da CNBB (Maranh\u00e3o), que por amor \u00e0 fam\u00edlia e \u00e0 pastoral, encontraram recursos e meios para fazer com que os deputados compreendessem a necessidade de evidenciar a fam\u00edlia dentro de um aspecto estadual\u201d,\u00a0 explicou.<\/p>\n<p style=\"text-align: justify\">Ainda de acordo com o padre Wladimir, o dia da Semana Estadual da Fam\u00edlia no Maranh\u00e3o, como n\u00e3o \u00e9 restrito \u00e0 Igreja Cat\u00f3lica, mas, esta, pode contribuir muito com a data. \u201cA Igreja cat\u00f3lica tem um papel important\u00edssimo na Semana da fam\u00edlia, e pode contribuir muito na Semana Estadual da Fam\u00edlia no Maranh\u00e3o, proporcionando toda nossa experi\u00eancia por toda a trajet\u00f3ria hist\u00f3rica que n\u00f3s temos sobre a Semana Nacional da Fam\u00edlia\u201d, afirmou.<\/p>\n","protected":false},"excerpt":{"rendered":"<p>O governo do estado do Maranh\u00e3o (MA) aprovou um Projeto de Lei que institui oficialmente a Semana Estadual da Fam\u00edlia ao calend\u00e1rio do Maranh\u00e3o. O Projeto de Lei n\u00ba. 208\/11 visa que, a crit\u00e9rio dos poderes Executivo e Legislativo, sejam realizados eventos culturais, palestras de conscientiza\u00e7\u00e3o, atividades de lazer e integra\u00e7\u00e3o nas escolas, associa\u00e7\u00f5es, igrejas &hellip;<\/p>\n<p class=\"read-more\"> <a class=\"\" href=\"https:\/\/www.cnbb.org.br\/lei-institui-a-semana-estadual-da-familia-no-maranhao\/\"> <span class=\"screen-reader-text\">Lei institui a Semana Estadual da Fam\u00edlia no Maranh\u00e3o<\/span> Leia mais &raquo;<\/a><\/p>\n","protected":false},"author":83,"featured_media":17994,"comment_status":"open","ping_status":"open","sticky":false,"template":"","format":"standard","meta":{"site-sidebar-layout":"default","site-content-layout":"default","ast-global-header-display":"","ast-banner-title-visibility":"","ast-main-header-display":"","ast-hfb-above-header-display":"","ast-hfb-below-header-display":"","ast-hfb-mobile-header-display":"","site-post-title":"","ast-breadcrumbs-content":"","ast-featured-img":"","footer-sml-layout":"","theme-transparent-header-meta":"","adv-header-id-meta":"","stick-header-meta":"","header-above-stick-meta":"","header-main-stick-meta":"","header-below-stick-meta":""},"categories":[777],"tags":[],"acf":[],"_links":{"self":[{"href":"https:\/\/www.cnbb.org.br\/cnbb-app\/wp\/v2\/posts\/17993"}],"collection":[{"href":"https:\/\/www.cnbb.org.br\/cnbb-app\/wp\/v2\/posts"}],"about":[{"href":"https:\/\/www.cnbb.org.br\/cnbb-app\/wp\/v2\/types\/post"}],"author":[{"embeddable":true,"href":"https:\/\/www.cnbb.org.br\/cnbb-app\/wp\/v2\/users\/83"}],"replies":[{"embeddable":true,"href":"https:\/\/www.cnbb.org.br\/cnbb-app\/wp\/v2\/comments?post=17993"}],"version-history":[{"count":0,"href":"https:\/\/www.cnbb.org.br\/cnbb-app\/wp\/v2\/posts\/17993\/revisions"}],"wp:featuredmedia":[{"embeddable":true,"href":"https:\/\/www.cnbb.org.br\/cnbb-app\/wp\/v2\/media\/17994"}],"wp:attachment":[{"href":"https:\/\/www.cnbb.org.br\/cnbb-app\/wp\/v2\/media?parent=17993"}],"wp:term":[{"taxonomy":"category","embeddable":true,"href":"https:\/\/www.cnbb.org.br\/cnbb-app\/wp\/v2\/categories?post=17993"},{"taxonomy":"post_tag","embeddable":true,"href":"https:\/\/www.cnbb.org.br\/cnbb-app\/wp\/v2\/tags?post=17993"}],"curies":[{"name":"wp","href":"https:\/\/api.w.org\/{rel}","templated":true}]}}