{"id":17996,"date":"2012-10-05T00:00:00","date_gmt":"2012-10-05T03:00:00","guid":{"rendered":"https:\/\/www.cnbb.org.br\/divulgada-mensagem-sobre-o-dia-nacional-de-valorizacao-da-familia\/"},"modified":"2020-03-11T16:48:30","modified_gmt":"2020-03-11T19:48:30","slug":"divulgada-mensagem-sobre-o-dia-nacional-de-valorizacao-da-familia","status":"publish","type":"post","link":"https:\/\/www.cnbb.org.br\/divulgada-mensagem-sobre-o-dia-nacional-de-valorizacao-da-familia\/","title":{"rendered":"Divulgada mensagem sobre o Dia Nacional de Valoriza\u00e7\u00e3o da Fam\u00edlia"},"content":{"rendered":"<p style=\"text-align: justify\">O secret\u00e1rio Geral da Confer\u00eancia Nacional dos Bispos do Brasil (CNBB), dom Leonardo Ulrich Steiner, e o presidente da Comiss\u00e3o Episcopal Pastoral para a Vida e a Fam\u00edlia da CNBB, Jo\u00e3o Carlos Petrini, divulgaram hoje, 05 de outubro, uma mensagem sobre o Dia Nacional da Valoriza\u00e7\u00e3o da Fam\u00edlia.<\/p>\n<p><!--more--><\/p>\n<p style=\"text-align: justify\">No texto, \u00e9 sugerido que a data, celebrada no dia 21 de outubro, possa proporcionar uma reflex\u00e3o em favor da evangeliza\u00e7\u00e3o e da valoriza\u00e7\u00e3o da fam\u00edlia brasileira.<\/p>\n<p style=\"text-align: justify\">Leia a mensagem:<\/p>\n<p style=\"text-align: justify\"><em><strong>Estimado irm\u00e3o no Episcopado,<\/strong><\/em><\/p>\n<p style=\"text-align: justify\"><em><strong>Paz!<\/strong><\/em><\/p>\n<p style=\"text-align: justify\">No CONSEP celebrado no final de setembro do corrente ano abordamos a publica\u00e7\u00e3o do Di\u00e1rio Oficial da Uni\u00e3o de 17 de maio de 2012 a Lei n\u00ba 12.647, que institui o Dia Nacional de Valoriza\u00e7\u00e3o da Fam\u00edlia. A data ser\u00e1 comemorada, anualmente, no dia 21 de outubro, em todo o territ\u00f3rio nacional.<\/p>\n<p style=\"text-align: justify\">A reflex\u00e3o nos levou a sugerir que os Irm\u00e3os Bispos, nas Dioceses onde servem, possam aproveitar este dia em favor da evangeliza\u00e7\u00e3o da fam\u00edlia brasileira, promovendo atividades e eventos que sinalizem nossa ades\u00e3o cat\u00f3lica. Este dia pode tornar-se um precioso recurso para promover a Fam\u00edlia como espa\u00e7o privilegiado e insubstitu\u00edvel para que um homem e uma mulher possam, atrav\u00e9s do matrim\u00f4nio, gerar e educar seus filhos. (cf. Carta \u00e0s Fam\u00edlia,10) no exerc\u00edcio da fam\u00edlia cidad\u00e3.<\/p>\n<p style=\"text-align: justify\"><img decoding=\"async\" loading=\"lazy\" class=\" alignleft size-full wp-image-16503\" style=\"float: left\" src=\"https:\/\/www.cnbb.org.br\/wp-content\/uploads\/2020\/03\/Outdoor_dia_Nacional_de_Valorizao_da_Famlia_Br_3.jpg\" alt=\"Outdoor_dia_Nacional_de_Valorizao_da_Famlia_Br_3\" width=\"552\" height=\"175\" \/>Como o tempo urge, faltando apenas 18 dias, sugerimos aos estimados irm\u00e3os que valorizem este dia atrav\u00e9s de instrumentos publicit\u00e1rios de propaganda com as ins\u00edgnias cat\u00f3licas da Diocese e\/ou Pastoral Familiar e\/ou da CNBB (placa de out door, ou faixas, cartazes, ou algo semelhante). E ainda, vale a pena divulgarmos este dia na perspectiva cat\u00f3lica atrav\u00e9s dos meios de comunica\u00e7\u00e3o.<\/p>\n<p style=\"text-align: justify\">Enviamos, em anexo, um lay-out (modelo publicit\u00e1rio) preparado pela Comiss\u00e3o Episcopal Pastoral para a Vida e a Fam\u00edlia (CEPVF) para uma proposta entre tantas que cada Diocese poder\u00e1 construir.<\/p>\n<p style=\"text-align: justify\">Esperamos que essa iniciativa suscite em todo o Brasil a valoriza\u00e7\u00e3o da fam\u00edlia.<\/p>\n<p style=\"text-align: justify\">Em Cristo,<\/p>\n<div style=\"text-align: center\"><strong>Dom Jo\u00e3o Carlos Petrini\u00a0\u00a0\u00a0\u00a0\u00a0\u00a0\u00a0\u00a0\u00a0\u00a0\u00a0\u00a0\u00a0\u00a0\u00a0\u00a0\u00a0\u00a0\u00a0\u00a0\u00a0\u00a0\u00a0\u00a0\u00a0 Dom Leonardo Ulrich Steiner<br \/>\nBispo de Cama\u00e7ari-BA\u00a0\u00a0\u00a0\u00a0\u00a0\u00a0\u00a0\u00a0\u00a0\u00a0\u00a0\u00a0\u00a0\u00a0\u00a0\u00a0\u00a0\u00a0\u00a0\u00a0\u00a0\u00a0\u00a0\u00a0\u00a0\u00a0\u00a0\u00a0 Bispo Auxiliar de Bras\u00edlia-DF<br \/>\nPresidente da CEPVF-CNBB\u00a0\u00a0\u00a0\u00a0\u00a0\u00a0\u00a0\u00a0 \u00a0 \u00a0 \u00a0 \u00a0 \u00a0\u00a0 \u00a0\u00a0 Secret\u00e1rio Geral da CNBB<\/strong><\/div>\n","protected":false},"excerpt":{"rendered":"<p>O secret\u00e1rio Geral da Confer\u00eancia Nacional dos Bispos do Brasil (CNBB), dom Leonardo Ulrich Steiner, e o presidente da Comiss\u00e3o Episcopal Pastoral para a Vida e a Fam\u00edlia da CNBB, Jo\u00e3o Carlos Petrini, divulgaram hoje, 05 de outubro, uma mensagem sobre o Dia Nacional da Valoriza\u00e7\u00e3o da Fam\u00edlia.<\/p>\n","protected":false},"author":83,"featured_media":17997,"comment_status":"open","ping_status":"open","sticky":false,"template":"","format":"standard","meta":{"site-sidebar-layout":"default","site-content-layout":"default","ast-global-header-display":"","ast-banner-title-visibility":"","ast-main-header-display":"","ast-hfb-above-header-display":"","ast-hfb-below-header-display":"","ast-hfb-mobile-header-display":"","site-post-title":"","ast-breadcrumbs-content":"","ast-featured-img":"","footer-sml-layout":"","theme-transparent-header-meta":"","adv-header-id-meta":"","stick-header-meta":"","header-above-stick-meta":"","header-main-stick-meta":"","header-below-stick-meta":""},"categories":[777],"tags":[],"acf":[],"_links":{"self":[{"href":"https:\/\/www.cnbb.org.br\/cnbb-app\/wp\/v2\/posts\/17996"}],"collection":[{"href":"https:\/\/www.cnbb.org.br\/cnbb-app\/wp\/v2\/posts"}],"about":[{"href":"https:\/\/www.cnbb.org.br\/cnbb-app\/wp\/v2\/types\/post"}],"author":[{"embeddable":true,"href":"https:\/\/www.cnbb.org.br\/cnbb-app\/wp\/v2\/users\/83"}],"replies":[{"embeddable":true,"href":"https:\/\/www.cnbb.org.br\/cnbb-app\/wp\/v2\/comments?post=17996"}],"version-history":[{"count":0,"href":"https:\/\/www.cnbb.org.br\/cnbb-app\/wp\/v2\/posts\/17996\/revisions"}],"wp:featuredmedia":[{"embeddable":true,"href":"https:\/\/www.cnbb.org.br\/cnbb-app\/wp\/v2\/media\/17997"}],"wp:attachment":[{"href":"https:\/\/www.cnbb.org.br\/cnbb-app\/wp\/v2\/media?parent=17996"}],"wp:term":[{"taxonomy":"category","embeddable":true,"href":"https:\/\/www.cnbb.org.br\/cnbb-app\/wp\/v2\/categories?post=17996"},{"taxonomy":"post_tag","embeddable":true,"href":"https:\/\/www.cnbb.org.br\/cnbb-app\/wp\/v2\/tags?post=17996"}],"curies":[{"name":"wp","href":"https:\/\/api.w.org\/{rel}","templated":true}]}}