{"id":18033,"date":"2013-05-02T00:00:00","date_gmt":"2013-05-02T03:00:00","guid":{"rendered":"https:\/\/www.cnbb.org.br\/comissao-para-a-vida-e-familia-realiza-5o-peregrinacao-e-o-3o-simposio-nacional-da-familia\/"},"modified":"2020-03-11T16:48:24","modified_gmt":"2020-03-11T19:48:24","slug":"comissao-para-a-vida-e-familia-realiza-5o-peregrinacao-e-o-3o-simposio-nacional-da-familia","status":"publish","type":"post","link":"https:\/\/www.cnbb.org.br\/comissao-para-a-vida-e-familia-realiza-5o-peregrinacao-e-o-3o-simposio-nacional-da-familia\/","title":{"rendered":"Comiss\u00e3o para a Vida e Fam\u00edlia realiza 5\u00aa Peregrina\u00e7\u00e3o e o 3\u00ba Simp\u00f3sio Nacional da Fam\u00edlia"},"content":{"rendered":"<p style=\"text-align: justify\">A Comiss\u00e3o Episcopal Pastoral para a Vida e a Fam\u00edlia da CNBB, realiza no m\u00eas de maio o 3\u00ba Simp\u00f3sio Nacional da Fam\u00edlia e a 5\u00aa Peregrina\u00e7\u00e3o Nacional da Fam\u00edlia. O Simp\u00f3sio ser\u00e1 realizado no dia 25, na sede da Can\u00e7\u00e3o Nova em Cachoeira Paulista- SP.<\/p>\n<p><!--more--><\/p>\n<p style=\"text-align: justify\">O evento tem como objetivo refletir o papel da fam\u00edlia na transmiss\u00e3o da f\u00e9 e despertar nos pais a preciosa e insubstitu\u00edvel miss\u00e3o na transmiss\u00e3o e educa\u00e7\u00e3o da f\u00e9 aos filhos.<\/p>\n<p style=\"text-align: justify\">O Simp\u00f3sio ser\u00e1 transmitido ao vivo pela TV Can\u00e7\u00e3o Nova e contar\u00e1 com a presen\u00e7a do presidente da Comiss\u00e3o Episcopal para a Vida e a Fam\u00edlia e bispo de Cama\u00e7ari (SP), dom Jo\u00e3o Carlos Petrini; membros da Comiss\u00e3o; bispos respons\u00e1veis pela Pastoral Familiar nos 17 Regionais da CNBB; padres assessores Nacionais da Comiss\u00e3o Episcopal para a Vida e a Fam\u00edlia; coordenadores nacional, regionais, diocesanos e paroquiais da Pastoral Familiar; assessores do Instituto Jo\u00e3o Paulo II e de fam\u00edlias vindas de todas as dioceses do Brasil.<\/p>\n<p style=\"text-align: justify\">Ainda no dia 25 de maio haver\u00e1 uma prociss\u00e3o luminosa pedindo a Deus pelas fam\u00edlias, que sair\u00e1 do Santu\u00e1rio Nacional de Nossa Senhora Aparecida, em Aparecida\/SP, \u00e0s 19h30, e seguir\u00e1 at\u00e9 a \u201cIgreja Velha\u201d.<\/p>\n<p style=\"text-align: justify\">No dia 26 de maio a Comiss\u00e3o Episcopal Pastoral para a Vida e a Fam\u00edlia da CNBB realizar\u00e1 a 5\u00aa Peregrina\u00e7\u00e3o Nacional da Fam\u00edlia de Aparecida. S\u00e3o aguardadas para o evento cerca de 150 mil pessoas que em peregrina\u00e7\u00e3o torna vis\u00edvel toda a a\u00e7\u00e3o evangelizadora em favor da fam\u00edlia.\u00a0 O tema escolhido para 5\u00aa Peregrina\u00e7\u00e3o Nacional das Fam\u00edlias est\u00e1 em sintonia com o ano da f\u00e9 e com a Jornada Mundial da Juventude.<\/p>\n<p style=\"text-align: justify\">Os membros da Comiss\u00e3o organizadora est\u00e3o preparando subs\u00eddios como: ora\u00e7\u00e3o comunit\u00e1ria, reflex\u00e3o teol\u00f3gica e pastoral sobre o tema, sugest\u00f5es para que as comunidades organizem simp\u00f3sios, palestras e momentos de fraternidade e de interc\u00e2mbio entre as fam\u00edlias.\u00a0 Os subs\u00eddios estar\u00e3o dispon\u00edveis no<a href=\"http:\/\/www.cnpf.org.br\/\" target=\"_blank\" rel=\"noopener\"> site<\/a> da Pastoral Familiar, regionais e Dioceses.<\/p>\n<p style=\"text-align: justify\"><strong>Ora\u00e7\u00e3o do Peregrino:<\/strong><\/p>\n<p style=\"text-align: justify\">Deus nosso Pai, que nos criou a Vossa imagem e semelhan\u00e7a e nos presenteou com o dom precioso da fam\u00edlia, concedei, a n\u00f3s, peregrinos rumo ao c\u00e9u, participar pela presen\u00e7a e ora\u00e7\u00e3o do 3\u00ba. Simp\u00f3sio e da 5\u00aa. Peregrina\u00e7\u00e3o Nacionais da Fam\u00edlia com o prop\u00f3sito de renovarmos nossa unidade e visibilidade na miss\u00e3o da transmiss\u00e3o da f\u00e9.<\/p>\n<p style=\"text-align: justify\">Jesus Cristo, o Peregrino do Pai, que tendo nascido e crescido numa fam\u00edlia humana, a santificou, olhai com bondade para nossas fam\u00edlias peregrinas, para que continuem com coragem crist\u00e3 o an\u00fancio e testemunho da beleza de sermos e termos fam\u00edlia, como o lugar privilegiado e pr\u00f3prio para que os pais ensinem aos filhos as li\u00e7\u00f5es do Evangelho.<\/p>\n<p style=\"text-align: justify\">Esp\u00edrito Santificador, companheiro de nossas caminhadas, guia nas incertezas e perigos da vida, alento no cansa\u00e7o, luz na escurid\u00e3o, fortalecei nossos pais aut\u00eanticos e insubstitu\u00edveis guardi\u00e3es da educa\u00e7\u00e3o dos filhos segundo a medida do amor divino e conduzi os peregrinos s\u00e3o e salvos a Casa da M\u00e3e Aparecida e no retorno aos seus lares.<\/p>\n<p style=\"text-align: justify\">Sagrada Fam\u00edlia, aben\u00e7oai nosso 3\u00ba. Simp\u00f3sio e 5\u00aa. Peregrina\u00e7\u00e3o Nacionais da Fam\u00edlia.<\/p>\n","protected":false},"excerpt":{"rendered":"<p>A Comiss\u00e3o Episcopal Pastoral para a Vida e a Fam\u00edlia da CNBB, realiza no m\u00eas de maio o 3\u00ba Simp\u00f3sio Nacional da Fam\u00edlia e a 5\u00aa Peregrina\u00e7\u00e3o Nacional da Fam\u00edlia. O Simp\u00f3sio ser\u00e1 realizado no dia 25, na sede da Can\u00e7\u00e3o Nova em Cachoeira Paulista- SP.<\/p>\n","protected":false},"author":83,"featured_media":18034,"comment_status":"open","ping_status":"open","sticky":false,"template":"","format":"standard","meta":{"site-sidebar-layout":"default","site-content-layout":"default","ast-global-header-display":"","ast-banner-title-visibility":"","ast-main-header-display":"","ast-hfb-above-header-display":"","ast-hfb-below-header-display":"","ast-hfb-mobile-header-display":"","site-post-title":"","ast-breadcrumbs-content":"","ast-featured-img":"","footer-sml-layout":"","theme-transparent-header-meta":"","adv-header-id-meta":"","stick-header-meta":"","header-above-stick-meta":"","header-main-stick-meta":"","header-below-stick-meta":""},"categories":[777],"tags":[],"acf":[],"_links":{"self":[{"href":"https:\/\/www.cnbb.org.br\/cnbb-app\/wp\/v2\/posts\/18033"}],"collection":[{"href":"https:\/\/www.cnbb.org.br\/cnbb-app\/wp\/v2\/posts"}],"about":[{"href":"https:\/\/www.cnbb.org.br\/cnbb-app\/wp\/v2\/types\/post"}],"author":[{"embeddable":true,"href":"https:\/\/www.cnbb.org.br\/cnbb-app\/wp\/v2\/users\/83"}],"replies":[{"embeddable":true,"href":"https:\/\/www.cnbb.org.br\/cnbb-app\/wp\/v2\/comments?post=18033"}],"version-history":[{"count":0,"href":"https:\/\/www.cnbb.org.br\/cnbb-app\/wp\/v2\/posts\/18033\/revisions"}],"wp:featuredmedia":[{"embeddable":true,"href":"https:\/\/www.cnbb.org.br\/cnbb-app\/wp\/v2\/media\/18034"}],"wp:attachment":[{"href":"https:\/\/www.cnbb.org.br\/cnbb-app\/wp\/v2\/media?parent=18033"}],"wp:term":[{"taxonomy":"category","embeddable":true,"href":"https:\/\/www.cnbb.org.br\/cnbb-app\/wp\/v2\/categories?post=18033"},{"taxonomy":"post_tag","embeddable":true,"href":"https:\/\/www.cnbb.org.br\/cnbb-app\/wp\/v2\/tags?post=18033"}],"curies":[{"name":"wp","href":"https:\/\/api.w.org\/{rel}","templated":true}]}}