{"id":18044,"date":"2013-06-19T00:00:00","date_gmt":"2013-06-19T03:00:00","guid":{"rendered":"https:\/\/www.cnbb.org.br\/bispos-tratam-de-associacao-de-familias\/"},"modified":"2020-03-11T16:48:22","modified_gmt":"2020-03-11T19:48:22","slug":"bispos-tratam-de-associacao-de-familias","status":"publish","type":"post","link":"https:\/\/www.cnbb.org.br\/bispos-tratam-de-associacao-de-familias\/","title":{"rendered":"Bispos tratam de Associa\u00e7\u00e3o de Fam\u00edlias"},"content":{"rendered":"<p style=\"text-align: justify\">Dom Jo\u00e3o Carlos Petrini (foto), bispo de Cama\u00e7ari (BA) e presidente da Comiss\u00e3o Episcopal Pastoral para a Vida e Fam\u00edlia da CNBB apresentou proposta de cria\u00e7\u00e3o de associa\u00e7\u00f5es de fam\u00edlia em todo o Pa\u00eds, no come\u00e7o da tarde desta quarta-feira, 19 de junho.<\/p>\n<p><!--more--><\/p>\n<p style=\"text-align: justify\">Documento da Comiss\u00e3o Episcopal, disponibilizado por dom Petrini, mostra que \u201ca Associa\u00e7\u00e3o de Fam\u00edlias surge para responder ao apelo do bem aventurado Papa Jo\u00e3o Paulo II na \u2018Exorta\u00e7\u00e3o Apost\u00f3lica Familiaris Consortio\u2019, renovado pelo Papa Bento XVI e motivado pelo Pontif\u00edcio Conselho para a Fam\u00edlia, de se formar em todas as cidades organismos que possibilitem com quem a fam\u00edlia tenha recursos para atuar como sujeito social, assumindo seu papel de fam\u00edlia cidad\u00e3\u201d.<\/p>\n<p style=\"text-align: justify\">Dom Wilson Tadeu Jonck, arcebispo de Florian\u00f3polis (SC) e presidente do regional Sul 4 fez interven\u00e7\u00e3o logo depois da exposi\u00e7\u00e3o de dom Petrini e refor\u00e7ou a iniciativa: \u201cvalorizar a fam\u00edlia \u00e9 um caminho fundamental e tudo o que fizermos para isso \u00e9 de grande import\u00e2ncia\u201d. Al\u00e9m dele, outros bispos participaram do debate como Dom Antonino Migliori, bispo de Coxim (MS) e presidente do regional Oeste 1; e Dom Fernando Saburido, arcebispo de Olinda e Recife (PE).<\/p>\n","protected":false},"excerpt":{"rendered":"<p>Dom Jo\u00e3o Carlos Petrini (foto), bispo de Cama\u00e7ari (BA) e presidente da Comiss\u00e3o Episcopal Pastoral para a Vida e Fam\u00edlia da CNBB apresentou proposta de cria\u00e7\u00e3o de associa\u00e7\u00f5es de fam\u00edlia em todo o Pa\u00eds, no come\u00e7o da tarde desta quarta-feira, 19 de junho.<\/p>\n","protected":false},"author":83,"featured_media":18045,"comment_status":"open","ping_status":"open","sticky":false,"template":"","format":"standard","meta":{"site-sidebar-layout":"default","site-content-layout":"default","ast-global-header-display":"","ast-banner-title-visibility":"","ast-main-header-display":"","ast-hfb-above-header-display":"","ast-hfb-below-header-display":"","ast-hfb-mobile-header-display":"","site-post-title":"","ast-breadcrumbs-content":"","ast-featured-img":"","footer-sml-layout":"","theme-transparent-header-meta":"","adv-header-id-meta":"","stick-header-meta":"","header-above-stick-meta":"","header-main-stick-meta":"","header-below-stick-meta":""},"categories":[777],"tags":[],"acf":[],"_links":{"self":[{"href":"https:\/\/www.cnbb.org.br\/cnbb-app\/wp\/v2\/posts\/18044"}],"collection":[{"href":"https:\/\/www.cnbb.org.br\/cnbb-app\/wp\/v2\/posts"}],"about":[{"href":"https:\/\/www.cnbb.org.br\/cnbb-app\/wp\/v2\/types\/post"}],"author":[{"embeddable":true,"href":"https:\/\/www.cnbb.org.br\/cnbb-app\/wp\/v2\/users\/83"}],"replies":[{"embeddable":true,"href":"https:\/\/www.cnbb.org.br\/cnbb-app\/wp\/v2\/comments?post=18044"}],"version-history":[{"count":0,"href":"https:\/\/www.cnbb.org.br\/cnbb-app\/wp\/v2\/posts\/18044\/revisions"}],"wp:featuredmedia":[{"embeddable":true,"href":"https:\/\/www.cnbb.org.br\/cnbb-app\/wp\/v2\/media\/18045"}],"wp:attachment":[{"href":"https:\/\/www.cnbb.org.br\/cnbb-app\/wp\/v2\/media?parent=18044"}],"wp:term":[{"taxonomy":"category","embeddable":true,"href":"https:\/\/www.cnbb.org.br\/cnbb-app\/wp\/v2\/categories?post=18044"},{"taxonomy":"post_tag","embeddable":true,"href":"https:\/\/www.cnbb.org.br\/cnbb-app\/wp\/v2\/tags?post=18044"}],"curies":[{"name":"wp","href":"https:\/\/api.w.org\/{rel}","templated":true}]}}