{"id":18051,"date":"2013-07-24T00:00:00","date_gmt":"2013-07-24T03:00:00","guid":{"rendered":"https:\/\/www.cnbb.org.br\/rio-de-janeiro-sera-sede-de-importante-reuniao-de-valorizacao-da-familia-crista\/"},"modified":"2020-03-11T16:48:21","modified_gmt":"2020-03-11T19:48:21","slug":"rio-de-janeiro-sera-sede-de-importante-reuniao-de-valorizacao-da-familia-crista","status":"publish","type":"post","link":"https:\/\/www.cnbb.org.br\/rio-de-janeiro-sera-sede-de-importante-reuniao-de-valorizacao-da-familia-crista\/","title":{"rendered":"Rio de Janeiro ser\u00e1 sede de importante reuni\u00e3o de valoriza\u00e7\u00e3o da fam\u00edlia crist\u00e3"},"content":{"rendered":"<p style=\"text-align: justify\">A Comiss\u00e3o Episcopal Pastoral para a Vida (CEPVF) e a Fam\u00edlia da Confer\u00eancia Nacional dos Bispos do Brasil (CNBB), se reunir\u00e1 hoje, 24 de julho, com representantes nacionais da Pastoral Familiar. A reuni\u00e3o ser\u00e1 realizada no hotel Windsor Guanabara, no centro do Rio de Janeiro, e ter\u00e1 a finalidade de partilhar as experi\u00eancias na Am\u00e9rica Latina nas a\u00e7\u00f5es evangelizadoras em favor da fam\u00edlia.<\/p>\n<p><!--more--><\/p>\n<p style=\"text-align: justify\">Al\u00e9m do monsenhor Vincenzo Paglia, presidente do Conselho Pontif\u00edcio da Fam\u00edlia, e do presidente da CEPVF, dom Petrini, estar\u00e3o presentes o arcebispo de S\u00e3o Paulo, dom Odilo Cardeal Scherer, arcebispos, bispos e assessores da fam\u00edlia.<\/p>\n<p style=\"text-align: justify\">O assessor da Fam\u00edlia (CEPVF), padre Wladimir Porreca, que est\u00e1 participando da Jornada Mundial da Juventude (JMJ), far\u00e1\u00a0 parte da coordena\u00e7\u00e3o da reuni\u00e3o. De acordo com o padre, essa reuni\u00e3o \u00e9 uma oportunidade de criar ideias e a\u00e7\u00f5es para a valoriza\u00e7\u00e3o da fam\u00edlia crist\u00e3.<\/p>\n<p style=\"text-align: justify\">\u201cEssa reuni\u00e3o com monsenhor Paglia e os alguns representantes da Am\u00e9rica Latina, \u00e9 importante porque poder\u00e1 ser um precioso momento para caminharmos sempre mais unidos na busca do ideal de divulgar a fam\u00edlia crist\u00e3, composta de homem, mulher e filhos, como lugar adequado de felicidade\u201d, disse o assessor.<\/p>\n","protected":false},"excerpt":{"rendered":"<p>A Comiss\u00e3o Episcopal Pastoral para a Vida (CEPVF) e a Fam\u00edlia da Confer\u00eancia Nacional dos Bispos do Brasil (CNBB), se reunir\u00e1 hoje, 24 de julho, com representantes nacionais da Pastoral Familiar. A reuni\u00e3o ser\u00e1 realizada no hotel Windsor Guanabara, no centro do Rio de Janeiro, e ter\u00e1 a finalidade de partilhar as experi\u00eancias na Am\u00e9rica &hellip;<\/p>\n<p class=\"read-more\"> <a class=\"\" href=\"https:\/\/www.cnbb.org.br\/rio-de-janeiro-sera-sede-de-importante-reuniao-de-valorizacao-da-familia-crista\/\"> <span class=\"screen-reader-text\">Rio de Janeiro ser\u00e1 sede de importante reuni\u00e3o de valoriza\u00e7\u00e3o da fam\u00edlia crist\u00e3<\/span> Leia mais &raquo;<\/a><\/p>\n","protected":false},"author":83,"featured_media":18052,"comment_status":"open","ping_status":"open","sticky":false,"template":"","format":"standard","meta":{"site-sidebar-layout":"default","site-content-layout":"default","ast-global-header-display":"","ast-banner-title-visibility":"","ast-main-header-display":"","ast-hfb-above-header-display":"","ast-hfb-below-header-display":"","ast-hfb-mobile-header-display":"","site-post-title":"","ast-breadcrumbs-content":"","ast-featured-img":"","footer-sml-layout":"","theme-transparent-header-meta":"","adv-header-id-meta":"","stick-header-meta":"","header-above-stick-meta":"","header-main-stick-meta":"","header-below-stick-meta":""},"categories":[777],"tags":[],"acf":[],"_links":{"self":[{"href":"https:\/\/www.cnbb.org.br\/cnbb-app\/wp\/v2\/posts\/18051"}],"collection":[{"href":"https:\/\/www.cnbb.org.br\/cnbb-app\/wp\/v2\/posts"}],"about":[{"href":"https:\/\/www.cnbb.org.br\/cnbb-app\/wp\/v2\/types\/post"}],"author":[{"embeddable":true,"href":"https:\/\/www.cnbb.org.br\/cnbb-app\/wp\/v2\/users\/83"}],"replies":[{"embeddable":true,"href":"https:\/\/www.cnbb.org.br\/cnbb-app\/wp\/v2\/comments?post=18051"}],"version-history":[{"count":0,"href":"https:\/\/www.cnbb.org.br\/cnbb-app\/wp\/v2\/posts\/18051\/revisions"}],"wp:featuredmedia":[{"embeddable":true,"href":"https:\/\/www.cnbb.org.br\/cnbb-app\/wp\/v2\/media\/18052"}],"wp:attachment":[{"href":"https:\/\/www.cnbb.org.br\/cnbb-app\/wp\/v2\/media?parent=18051"}],"wp:term":[{"taxonomy":"category","embeddable":true,"href":"https:\/\/www.cnbb.org.br\/cnbb-app\/wp\/v2\/categories?post=18051"},{"taxonomy":"post_tag","embeddable":true,"href":"https:\/\/www.cnbb.org.br\/cnbb-app\/wp\/v2\/tags?post=18051"}],"curies":[{"name":"wp","href":"https:\/\/api.w.org\/{rel}","templated":true}]}}