{"id":18069,"date":"2013-09-02T00:00:00","date_gmt":"2013-09-02T03:00:00","guid":{"rendered":"https:\/\/www.cnbb.org.br\/estudo-sobre-familias-regional-oeste-1\/"},"modified":"2020-03-11T16:48:18","modified_gmt":"2020-03-11T19:48:18","slug":"estudo-sobre-familias-regional-oeste-1","status":"publish","type":"post","link":"https:\/\/www.cnbb.org.br\/estudo-sobre-familias-regional-oeste-1\/","title":{"rendered":"Diocese de Dourados realiza estudo sobre fam\u00edlias"},"content":{"rendered":"<p style=\"text-align: justify\">A diocese de Dourados (MS) promoveu um curso sobre fam\u00edlia nos dias 24 e 25 de agosto, no Centro de Pastoral em Dourados. No dia 24, o presbit\u00e9rio da diocese reuniu-se com o assessor nacional da Comiss\u00e3o Vida e Fam\u00edlia, padre Wladimir Porreca. O objetivo do encontro foi realizar um estudo sobre aspectos da fam\u00edlia para, dentro de um contexto evangelizador, aprimorar o trabalho com movimentos, servi\u00e7os, associa\u00e7\u00f5es e pastorais familiares, bem como com a realidade ind\u00edgena da diocese.<\/p>\n<p><!--more--><\/p>\n<p style=\"text-align: justify\">O bispo de Dourados, dom Redovino Rizzardo, com esp\u00edrito mission\u00e1rio, promove no ano de 2013 o olhar especial de toda a diocese para a Juventude e Fam\u00edlia, dentro das prioridades do S\u00ednodo diocesano. De acordo com o assessor da comiss\u00e3o, o foco dos estudos sobre fam\u00edlia est\u00e1 nas comunidades. \u201cO ponto principal de todo trabalho com fam\u00edlias est\u00e1 centrado na forma\u00e7\u00e3o de pequenas comunidades de fam\u00edlia\u201d, disse.<\/p>\n<p style=\"text-align: justify\">Ainda de acordo com o padre, a comunidade compareceu e deu uma contribui\u00e7\u00e3o valorosa ao encontro. \u201cA participa\u00e7\u00e3o alegre e din\u00e2mica dos leigos favoreceu um novo ardor na evangeliza\u00e7\u00e3o em favor das fam\u00edlias da diocese\u201d, afirmou.<\/p>\n","protected":false},"excerpt":{"rendered":"<p>A diocese de Dourados (MS) promoveu um curso sobre fam\u00edlia nos dias 24 e 25 de agosto, no Centro de Pastoral em Dourados. No dia 24, o presbit\u00e9rio da diocese reuniu-se com o assessor nacional da Comiss\u00e3o Vida e Fam\u00edlia, padre Wladimir Porreca. O objetivo do encontro foi realizar um estudo sobre aspectos da fam\u00edlia &hellip;<\/p>\n<p class=\"read-more\"> <a class=\"\" href=\"https:\/\/www.cnbb.org.br\/estudo-sobre-familias-regional-oeste-1\/\"> <span class=\"screen-reader-text\">Diocese de Dourados realiza estudo sobre fam\u00edlias<\/span> Leia mais &raquo;<\/a><\/p>\n","protected":false},"author":83,"featured_media":18070,"comment_status":"open","ping_status":"open","sticky":false,"template":"","format":"standard","meta":{"site-sidebar-layout":"default","site-content-layout":"default","ast-global-header-display":"","ast-banner-title-visibility":"","ast-main-header-display":"","ast-hfb-above-header-display":"","ast-hfb-below-header-display":"","ast-hfb-mobile-header-display":"","site-post-title":"","ast-breadcrumbs-content":"","ast-featured-img":"","footer-sml-layout":"","theme-transparent-header-meta":"","adv-header-id-meta":"","stick-header-meta":"","header-above-stick-meta":"","header-main-stick-meta":"","header-below-stick-meta":""},"categories":[777],"tags":[],"acf":[],"_links":{"self":[{"href":"https:\/\/www.cnbb.org.br\/cnbb-app\/wp\/v2\/posts\/18069"}],"collection":[{"href":"https:\/\/www.cnbb.org.br\/cnbb-app\/wp\/v2\/posts"}],"about":[{"href":"https:\/\/www.cnbb.org.br\/cnbb-app\/wp\/v2\/types\/post"}],"author":[{"embeddable":true,"href":"https:\/\/www.cnbb.org.br\/cnbb-app\/wp\/v2\/users\/83"}],"replies":[{"embeddable":true,"href":"https:\/\/www.cnbb.org.br\/cnbb-app\/wp\/v2\/comments?post=18069"}],"version-history":[{"count":0,"href":"https:\/\/www.cnbb.org.br\/cnbb-app\/wp\/v2\/posts\/18069\/revisions"}],"wp:featuredmedia":[{"embeddable":true,"href":"https:\/\/www.cnbb.org.br\/cnbb-app\/wp\/v2\/media\/18070"}],"wp:attachment":[{"href":"https:\/\/www.cnbb.org.br\/cnbb-app\/wp\/v2\/media?parent=18069"}],"wp:term":[{"taxonomy":"category","embeddable":true,"href":"https:\/\/www.cnbb.org.br\/cnbb-app\/wp\/v2\/categories?post=18069"},{"taxonomy":"post_tag","embeddable":true,"href":"https:\/\/www.cnbb.org.br\/cnbb-app\/wp\/v2\/tags?post=18069"}],"curies":[{"name":"wp","href":"https:\/\/api.w.org\/{rel}","templated":true}]}}