{"id":18075,"date":"2013-10-11T00:00:00","date_gmt":"2013-10-11T03:00:00","guid":{"rendered":"https:\/\/www.cnbb.org.br\/familias-acolhedoras\/"},"modified":"2020-03-11T16:48:17","modified_gmt":"2020-03-11T19:48:17","slug":"familias-acolhedoras","status":"publish","type":"post","link":"https:\/\/www.cnbb.org.br\/familias-acolhedoras\/","title":{"rendered":"Fam\u00edlias acolhedoras"},"content":{"rendered":"<p style=\"text-align: right\"><strong>Dom Walmor Oliveira de Azevedo<\/strong><br \/>\n<strong>Arcebispo de Belo Horizonte<\/strong><\/p>\n<p style=\"text-align: justify\">Celebrando a Semana da Crian\u00e7a, \u00e9 oportuno compartilhar e tornar mais conhecido o servi\u00e7o social Fam\u00edlias Acolhedoras. Essa iniciativa, de importante significa\u00e7\u00e3o afetiva, cidad\u00e3 e de f\u00e9, promove o acolhimento provis\u00f3rio de crian\u00e7as e adolescentes em risco social ou que sofreram viol\u00eancia. Um ato solid\u00e1rio, com \u00f3bvias repercuss\u00f5es positivas para toda a sociedade.<\/p>\n<p><!--more--><\/p>\n<p style=\"text-align: justify\">O servi\u00e7o Fam\u00edlias Acolhedoras \u00e9 promovido pelo Vicariato Episcopal para A\u00e7\u00e3o Social e Pol\u00edtica da Arquidiocese de Belo Horizonte e Prefeitura da Capital Mineira, por meio da Pastoral do Menor e da Secretaria Municipal Adjunta de Assist\u00eancia Social. Ser fam\u00edlia acolhedora \u00e9 ser uma fam\u00edlia que facilita o processo de readapta\u00e7\u00e3o e retorno das crian\u00e7as para seus lares de origem. Atualmente, 800 crian\u00e7as e adolescentes vivem nos abrigos de Belo Horizonte e o servi\u00e7o social busca, justamente, promover o acolhimento tempor\u00e1rio desses meninos e meninas, em lares de fam\u00edlias volunt\u00e1rias. Deste modo, assegura o acompanhamento e cuidados integrais \u00e0s crian\u00e7as e aos adolescentes, afastados de suas fam\u00edlias de origem, por raz\u00f5es que prejudicam seu pleno e saud\u00e1vel desenvolvimento. Acolhidos por outras fam\u00edlias, assim permanecem at\u00e9 que possam voltar para casa ou serem encaminhados para a ado\u00e7\u00e3o.<\/p>\n<p style=\"text-align: justify\">Aqueles que amparam temporariamente uma crian\u00e7a ou adolescente podem iniciar um processo com repercuss\u00f5es na solidariedade entre pessoas e institui\u00e7\u00f5es, em prol de uma sociedade mais justa e fraterna. Por meio da crian\u00e7a, a fam\u00edlia acolhedora pode conhecer a realidade da fam\u00edlia de origem e, assim, compartilhar experi\u00eancias, oferecer ajuda, estabelecer la\u00e7os afetivos que, certamente, t\u00eam for\u00e7a corretiva. Dessa forma, o servi\u00e7o Fam\u00edlias Acolhedoras \u00e9 um modo efetivo de cumprir uma indica\u00e7\u00e3o do Estatuto da Crian\u00e7a e do Adolescente: a convoca\u00e7\u00e3o de todos no compartilhamento do cuidado e prote\u00e7\u00e3o de crian\u00e7as e suas fam\u00edlias.<\/p>\n<p style=\"text-align: justify\">Est\u00e3o inclu\u00eddos os seguintes crit\u00e9rios para ajudar nesse servi\u00e7o social: 1) morar em Belo Horizonte h\u00e1 mais de dois anos; 2) ter, no m\u00ednimo, 21 anos; 3) n\u00e3o ter antecedentes criminais; 4) todos os membros da fam\u00edlia devem concordar em acolher uma crian\u00e7a; 5) estar disposto ao acolhimento tempor\u00e1rio, n\u00e3o tendo a inten\u00e7\u00e3o de adotar; 6) n\u00e3o ter dependentes qu\u00edmicos na fam\u00edlia; 7) aceitar e comprometer-se com as diretrizes do servi\u00e7o. A Pastoral do Menor da Arquidiocese de Belo Horizonte, no Vicariato Episcopal para a A\u00e7\u00e3o Social e Pol\u00edtica (Rua Al\u00e9m Para\u00edba, 208, bairro Lagoinha, Belo Horizonte), pode orientar aqueles que buscam outras informa\u00e7\u00f5es.<\/p>\n<p style=\"text-align: justify\">Dispor-se a ser fam\u00edlia acolhedora \u00e9 corajosamente assumir o compromisso de zelar e promover a vida. \u00c9 empenhar-se em benef\u00edcio de um servi\u00e7o social que focaliza, de modo contundente, a convic\u00e7\u00e3o acerca da import\u00e2ncia da fam\u00edlia, comunidade natural na qual se experimenta a sociabilidade humana. Acolher uma crian\u00e7a ou adolescente, mesmo temporariamente, \u00e9 garantir a esses meninos e meninas necessitados a oportunidade para que se desenvolvam com dignidade. O Fam\u00edlias Acolhedoras \u00e9 um importante caminho para que a sociedade cumpra a sua tarefa de servidora da fam\u00edlia, particularmente daquelas em situa\u00e7\u00e3o de risco, que carecem de apoio e amparo. Que este servi\u00e7o continue proporcionando a supera\u00e7\u00e3o de individualismos e comodismos, obst\u00e1culos \u00e0 solidariedade indispens\u00e1vel para o equil\u00edbrio social. E que as muitas crian\u00e7as e adolescentes encontrem uma fam\u00edlia acolhedora, para compartilharem pr\u00e1ticas educativas e amor.<\/p>\n","protected":false},"excerpt":{"rendered":"<p>Dom Walmor Oliveira de Azevedo Arcebispo de Belo Horizonte Celebrando a Semana da Crian\u00e7a, \u00e9 oportuno compartilhar e tornar mais conhecido o servi\u00e7o social Fam\u00edlias Acolhedoras. Essa iniciativa, de importante significa\u00e7\u00e3o afetiva, cidad\u00e3 e de f\u00e9, promove o acolhimento provis\u00f3rio de crian\u00e7as e adolescentes em risco social ou que sofreram viol\u00eancia. Um ato solid\u00e1rio, com &hellip;<\/p>\n<p class=\"read-more\"> <a class=\"\" href=\"https:\/\/www.cnbb.org.br\/familias-acolhedoras\/\"> <span class=\"screen-reader-text\">Fam\u00edlias acolhedoras<\/span> Leia mais &raquo;<\/a><\/p>\n","protected":false},"author":83,"featured_media":0,"comment_status":"open","ping_status":"open","sticky":false,"template":"","format":"standard","meta":{"site-sidebar-layout":"default","site-content-layout":"default","ast-global-header-display":"","ast-banner-title-visibility":"","ast-main-header-display":"","ast-hfb-above-header-display":"","ast-hfb-below-header-display":"","ast-hfb-mobile-header-display":"","site-post-title":"","ast-breadcrumbs-content":"","ast-featured-img":"","footer-sml-layout":"","theme-transparent-header-meta":"","adv-header-id-meta":"","stick-header-meta":"","header-above-stick-meta":"","header-main-stick-meta":"","header-below-stick-meta":""},"categories":[777],"tags":[],"acf":[],"_links":{"self":[{"href":"https:\/\/www.cnbb.org.br\/cnbb-app\/wp\/v2\/posts\/18075"}],"collection":[{"href":"https:\/\/www.cnbb.org.br\/cnbb-app\/wp\/v2\/posts"}],"about":[{"href":"https:\/\/www.cnbb.org.br\/cnbb-app\/wp\/v2\/types\/post"}],"author":[{"embeddable":true,"href":"https:\/\/www.cnbb.org.br\/cnbb-app\/wp\/v2\/users\/83"}],"replies":[{"embeddable":true,"href":"https:\/\/www.cnbb.org.br\/cnbb-app\/wp\/v2\/comments?post=18075"}],"version-history":[{"count":0,"href":"https:\/\/www.cnbb.org.br\/cnbb-app\/wp\/v2\/posts\/18075\/revisions"}],"wp:attachment":[{"href":"https:\/\/www.cnbb.org.br\/cnbb-app\/wp\/v2\/media?parent=18075"}],"wp:term":[{"taxonomy":"category","embeddable":true,"href":"https:\/\/www.cnbb.org.br\/cnbb-app\/wp\/v2\/categories?post=18075"},{"taxonomy":"post_tag","embeddable":true,"href":"https:\/\/www.cnbb.org.br\/cnbb-app\/wp\/v2\/tags?post=18075"}],"curies":[{"name":"wp","href":"https:\/\/api.w.org\/{rel}","templated":true}]}}