{"id":18076,"date":"2013-10-21T00:00:00","date_gmt":"2013-10-21T02:00:00","guid":{"rendered":"https:\/\/www.cnbb.org.br\/dia-nacional-da-valorizacao-da-familia-e-celebrado-hoje\/"},"modified":"2020-03-11T16:48:16","modified_gmt":"2020-03-11T19:48:16","slug":"dia-nacional-da-valorizacao-da-familia-e-celebrado-hoje","status":"publish","type":"post","link":"https:\/\/www.cnbb.org.br\/dia-nacional-da-valorizacao-da-familia-e-celebrado-hoje\/","title":{"rendered":"Dia Nacional da Valoriza\u00e7\u00e3o da Fam\u00edlia \u00e9 celebrado hoje"},"content":{"rendered":"<p style=\"text-align: justify\">No dia 21 de outubro, os brasileiros s\u00e3o convidados a realizar atividades e eventos em favor da evangeliza\u00e7\u00e3o da fam\u00edlia. Trata-se do Dia Nacional de Valoriza\u00e7\u00e3o da Fam\u00edlia, institu\u00eddo no dia 17 de maio de 2012. A data tem o objetivo de promover a fam\u00edlia como espa\u00e7o privilegiado e insubstitu\u00edvel para que um homem e uma mulher possam, por meio do matrim\u00f4nio, gerar e educar seus filhos. (cf. Carta \u00e0s Fam\u00edlia,10) no exerc\u00edcio da fam\u00edlia cidad\u00e3.<\/p>\n<p><!--more--><\/p>\n<p style=\"text-align: justify\">Para o bispo de Cama\u00e7ari (BA) e presidente da Comiss\u00e3o Episcopal Pastoral para a Vida e a Fam\u00edlia (CEPVF) da Confer\u00eancia Nacional dos Bispos do Brasil (CNBB), dom Jo\u00e3o Carlos Petrini, a data deve suscitar nas fam\u00edlias o compromisso com a evangeliza\u00e7\u00e3o. \u201cDesejo a todos os brasileiros e brasileiras que acreditam e amam a fam\u00edlia que, neste Dia Nacional da Valoriza\u00e7\u00e3o da Fam\u00edlia, tenham mais tempo e dedica\u00e7\u00e3o \u00e0 pr\u00f3pria fam\u00edlia e continuem na evangeliza\u00e7\u00e3o por um mundo justo e fraterno\u201d, disse.<\/p>\n<p style=\"text-align: justify\">Segundo o assessor da CEPVF, padre Wladimir Porreca, a data \u00e9 uma oportunidade para que sejam realizadas a\u00e7\u00f5es em prol da fam\u00edlia. \u201cSugerimos a todos que valorizem este dia por meio de instrumentos publicit\u00e1rios de propaganda com as ins\u00edgnias cat\u00f3licas da diocese e\/ou Pastoral Familiar e\/ou da CNBB\u201d, afirmou.<\/p>\n<p style=\"text-align: justify\">Para o assessor, \u201cvale a pena divulgarmos este dia na perspectiva cat\u00f3lica por meio dos meios de comunica\u00e7\u00e3o. E ainda divulgarmos o tema para o ano de 2014: A espiritualidade crist\u00e3 na fam\u00edlia. Espiritualidade crist\u00e3 e fam\u00edlia, casamento que deu certo\u201d, recomenda.<\/p>\n","protected":false},"excerpt":{"rendered":"<p>No dia 21 de outubro, os brasileiros s\u00e3o convidados a realizar atividades e eventos em favor da evangeliza\u00e7\u00e3o da fam\u00edlia. Trata-se do Dia Nacional de Valoriza\u00e7\u00e3o da Fam\u00edlia, institu\u00eddo no dia 17 de maio de 2012. A data tem o objetivo de promover a fam\u00edlia como espa\u00e7o privilegiado e insubstitu\u00edvel para que um homem e &hellip;<\/p>\n<p class=\"read-more\"> <a class=\"\" href=\"https:\/\/www.cnbb.org.br\/dia-nacional-da-valorizacao-da-familia-e-celebrado-hoje\/\"> <span class=\"screen-reader-text\">Dia Nacional da Valoriza\u00e7\u00e3o da Fam\u00edlia \u00e9 celebrado hoje<\/span> Leia mais &raquo;<\/a><\/p>\n","protected":false},"author":83,"featured_media":18077,"comment_status":"open","ping_status":"open","sticky":false,"template":"","format":"standard","meta":{"site-sidebar-layout":"default","site-content-layout":"default","ast-global-header-display":"","ast-banner-title-visibility":"","ast-main-header-display":"","ast-hfb-above-header-display":"","ast-hfb-below-header-display":"","ast-hfb-mobile-header-display":"","site-post-title":"","ast-breadcrumbs-content":"","ast-featured-img":"","footer-sml-layout":"","theme-transparent-header-meta":"","adv-header-id-meta":"","stick-header-meta":"","header-above-stick-meta":"","header-main-stick-meta":"","header-below-stick-meta":""},"categories":[777],"tags":[],"acf":[],"_links":{"self":[{"href":"https:\/\/www.cnbb.org.br\/cnbb-app\/wp\/v2\/posts\/18076"}],"collection":[{"href":"https:\/\/www.cnbb.org.br\/cnbb-app\/wp\/v2\/posts"}],"about":[{"href":"https:\/\/www.cnbb.org.br\/cnbb-app\/wp\/v2\/types\/post"}],"author":[{"embeddable":true,"href":"https:\/\/www.cnbb.org.br\/cnbb-app\/wp\/v2\/users\/83"}],"replies":[{"embeddable":true,"href":"https:\/\/www.cnbb.org.br\/cnbb-app\/wp\/v2\/comments?post=18076"}],"version-history":[{"count":0,"href":"https:\/\/www.cnbb.org.br\/cnbb-app\/wp\/v2\/posts\/18076\/revisions"}],"wp:featuredmedia":[{"embeddable":true,"href":"https:\/\/www.cnbb.org.br\/cnbb-app\/wp\/v2\/media\/18077"}],"wp:attachment":[{"href":"https:\/\/www.cnbb.org.br\/cnbb-app\/wp\/v2\/media?parent=18076"}],"wp:term":[{"taxonomy":"category","embeddable":true,"href":"https:\/\/www.cnbb.org.br\/cnbb-app\/wp\/v2\/categories?post=18076"},{"taxonomy":"post_tag","embeddable":true,"href":"https:\/\/www.cnbb.org.br\/cnbb-app\/wp\/v2\/tags?post=18076"}],"curies":[{"name":"wp","href":"https:\/\/api.w.org\/{rel}","templated":true}]}}