{"id":18084,"date":"2013-11-09T00:00:00","date_gmt":"2013-11-09T02:00:00","guid":{"rendered":"https:\/\/www.cnbb.org.br\/bispos-e-assessores-estudam-o-tema-pessoa-familia-e-matrimonio\/"},"modified":"2020-03-11T16:48:15","modified_gmt":"2020-03-11T19:48:15","slug":"bispos-e-assessores-estudam-o-tema-pessoa-familia-e-matrimonio","status":"publish","type":"post","link":"https:\/\/www.cnbb.org.br\/bispos-e-assessores-estudam-o-tema-pessoa-familia-e-matrimonio\/","title":{"rendered":"Bispos e assessores estudam o tema \u201cPessoa, fam\u00edlia e matrim\u00f4nio\u201d"},"content":{"rendered":"<p style=\"text-align: justify\">Termina hoje, dia 9, o Encontro Nacional de Estudos sobre Pessoa, \u00a0Fam\u00edlia e Matrim\u00f4nio, promovido pela Comiss\u00e3o Episcopal Pastoral para a Vida e a Fam\u00edlia. O evento, que acontece em Cuiab\u00e1 (MT), re\u00fane bispos referenciais e assessores da Pastoral Familiar.<\/p>\n<hr id=\"system-readmore\" style=\"text-align: justify\" \/>\n<p style=\"text-align: justify\">\n<p style=\"text-align: justify\">Est\u00e3o presentes o bispo de Cama\u00e7ari (BA) e presidente da Comiss\u00e3o Episcopal Pastoral para a Vida e a Fam\u00edlia, dom Jo\u00e3o Carlos Petrini, e o assessor da mesma comiss\u00e3o, padre Wladimir Porreca.<\/p>\n<p style=\"text-align: justify\">O encontro contou com a assessoria do fil\u00f3sofo do Pontif\u00edcio Instituto Jo\u00e3o Paulo II, de Roma, padre Jaroslaw Mereck, que falou sobre o pensamento do beato Jo\u00e3o Paulo II sobre matrim\u00f4nio e fam\u00edlia, com \u00eanfase na Teologia do Corpo.<\/p>\n<p style=\"text-align: justify\">\u201cAl\u00e9m da forma\u00e7\u00e3o, os presentes reuniram-se em grupos para refletir quais os caminhos e desafios que temos no Brasil para fazer mais conhecido esse material inovador e cheio de vitalidade dado \u00e0 Igreja pelo beato Jo\u00e3o Paulo II\u201d, explica padre Wladimri Porreca.<\/p>\n<p style=\"text-align: justify\">Ainda durante o encontro, que acontece desde ter\u00e7a-feira, 5, \u00a0os participantes fizeram um planejamento, para o pr\u00f3ximo ano, \u00a0das atividades voltadas \u00e0 quest\u00e3o da fam\u00edlia.<\/p>\n<p style=\"text-align: justify\">\u201cPe\u00e7o empenho em promover nas localidades brasileiras a festa da fam\u00edlia na Semana da Fam\u00edlia em 2014, ao molde daquela realizada em outubro \u00faltimo na Pra\u00e7a de S\u00e3o Pedro\/Roma\u201d, solicitou dom Petrini.<\/p>\n<p style=\"text-align: justify\">O bispo pediu, ainda, para que se reforce os estudos sobre a Carta \u00e0s Fam\u00edlias que, neste ano, comemorou 30 anos de publica\u00e7\u00e3o.<\/p>\n<p style=\"text-align: justify\">Aos casais, dom Petrini solicitou que colaborem com o question\u00e1rio enviado pelo papa Francisco \u00e0s dioceses do mundo. \u201cElaborem respostas vindas da a\u00e7\u00e3o evangelizadora das bases nas comunidades paroquiais\u201d, disse.<\/p>\n<p style=\"text-align: justify\">\n<p style=\"text-align: justify\">\n<p style=\"text-align: justify\">\n<p>&nbsp;<\/p>\n<p>&nbsp;<\/p>\n<p>&nbsp;<\/p>\n<p>&nbsp;<\/p>\n","protected":false},"excerpt":{"rendered":"<p>Termina hoje, dia 9, o Encontro Nacional de Estudos sobre Pessoa, \u00a0Fam\u00edlia e Matrim\u00f4nio, promovido pela Comiss\u00e3o Episcopal Pastoral para a Vida e a Fam\u00edlia. O evento, que acontece em Cuiab\u00e1 (MT), re\u00fane bispos referenciais e assessores da Pastoral Familiar. Est\u00e3o presentes o bispo de Cama\u00e7ari (BA) e presidente da Comiss\u00e3o Episcopal Pastoral para a &hellip;<\/p>\n<p class=\"read-more\"> <a class=\"\" href=\"https:\/\/www.cnbb.org.br\/bispos-e-assessores-estudam-o-tema-pessoa-familia-e-matrimonio\/\"> <span class=\"screen-reader-text\">Bispos e assessores estudam o tema \u201cPessoa, fam\u00edlia e matrim\u00f4nio\u201d<\/span> Leia mais &raquo;<\/a><\/p>\n","protected":false},"author":83,"featured_media":18085,"comment_status":"open","ping_status":"open","sticky":false,"template":"","format":"standard","meta":{"site-sidebar-layout":"default","site-content-layout":"default","ast-global-header-display":"","ast-banner-title-visibility":"","ast-main-header-display":"","ast-hfb-above-header-display":"","ast-hfb-below-header-display":"","ast-hfb-mobile-header-display":"","site-post-title":"","ast-breadcrumbs-content":"","ast-featured-img":"","footer-sml-layout":"","theme-transparent-header-meta":"","adv-header-id-meta":"","stick-header-meta":"","header-above-stick-meta":"","header-main-stick-meta":"","header-below-stick-meta":""},"categories":[777],"tags":[],"acf":[],"_links":{"self":[{"href":"https:\/\/www.cnbb.org.br\/cnbb-app\/wp\/v2\/posts\/18084"}],"collection":[{"href":"https:\/\/www.cnbb.org.br\/cnbb-app\/wp\/v2\/posts"}],"about":[{"href":"https:\/\/www.cnbb.org.br\/cnbb-app\/wp\/v2\/types\/post"}],"author":[{"embeddable":true,"href":"https:\/\/www.cnbb.org.br\/cnbb-app\/wp\/v2\/users\/83"}],"replies":[{"embeddable":true,"href":"https:\/\/www.cnbb.org.br\/cnbb-app\/wp\/v2\/comments?post=18084"}],"version-history":[{"count":0,"href":"https:\/\/www.cnbb.org.br\/cnbb-app\/wp\/v2\/posts\/18084\/revisions"}],"wp:featuredmedia":[{"embeddable":true,"href":"https:\/\/www.cnbb.org.br\/cnbb-app\/wp\/v2\/media\/18085"}],"wp:attachment":[{"href":"https:\/\/www.cnbb.org.br\/cnbb-app\/wp\/v2\/media?parent=18084"}],"wp:term":[{"taxonomy":"category","embeddable":true,"href":"https:\/\/www.cnbb.org.br\/cnbb-app\/wp\/v2\/categories?post=18084"},{"taxonomy":"post_tag","embeddable":true,"href":"https:\/\/www.cnbb.org.br\/cnbb-app\/wp\/v2\/tags?post=18084"}],"curies":[{"name":"wp","href":"https:\/\/api.w.org\/{rel}","templated":true}]}}