{"id":18097,"date":"2014-01-13T00:00:00","date_gmt":"2014-01-13T02:00:00","guid":{"rendered":"https:\/\/www.cnbb.org.br\/primeiro-consistorio-de-francisco-debatera-o-tema-da-familia\/"},"modified":"2020-03-11T16:48:13","modified_gmt":"2020-03-11T19:48:13","slug":"primeiro-consistorio-de-francisco-debatera-o-tema-da-familia","status":"publish","type":"post","link":"https:\/\/www.cnbb.org.br\/primeiro-consistorio-de-francisco-debatera-o-tema-da-familia\/","title":{"rendered":"Primeiro consist\u00f3rio de Francisco debater\u00e1 o tema da fam\u00edlia"},"content":{"rendered":"<p>&nbsp;<\/p>\n<p style=\"text-align: justify\">Durante o an\u00fancio dos novos cardeais, no domingo, 12, o papa Francisco disse que reunir\u00e1 o Col\u00e9gio Cardinal\u00edcio para debater o tema da fam\u00edlia. O consist\u00f3rio est\u00e1 marcado para o dia 22 de fevereiro, no Vaticano, data em que se celebra a Festa da C\u00e1tedra de S\u00e3o Pedro. Na cerim\u00f4nia, os nomeados receber\u00e3o o t\u00edtulo, o capelo e o anel.<\/p>\n<p><!--more--><\/p>\n<p style=\"text-align: justify\">Entre os 19 cardeais nomeados, est\u00e3o dom Lorenzo Baldisseri que por quase dez anos foi n\u00fancio apost\u00f3lico no Brasil e o brasileiro, dom Orani Jo\u00e3o Tempesta, arcebispo do Rio de Janeiro (RJ).<\/p>\n<p style=\"text-align: justify\">Este ser\u00e1 o primeiro consist\u00f3rio de Francisco com a presen\u00e7a dos novos cardeais. A \u00faltima convoca\u00e7\u00e3o para a cria\u00e7\u00e3o de cardeais foi em novembro de 2012, pelo papa em\u00e9rito Bento XVI. \u201cRezemos pelos novos cardeais a fim de que, revestidos da virtude e do sentimento do Senhor Jesus, o Bom Pastor, possam ajudar cada vez mais eficazmente o bispo de Roma no seu servi\u00e7o \u00e0 Igreja Universal&#8221;, disse o papa Francisco aos fi\u00e9is reunidos na Pra\u00e7a de S\u00e3o Pedro.<\/p>\n<p style=\"text-align: justify\">\n<p style=\"text-align: justify\"><strong>Evangeliza\u00e7\u00e3o da fam\u00edlia<\/strong><\/p>\n<p style=\"text-align: justify\">Nos dias anteriores ao Consist\u00f3rio, 20 e 21 de fevereiro, o papa com todos os cardeais ir\u00e3o refletir sobre a realidade da fam\u00edlia. A iniciativa de Francisco antecede os trabalhos do S\u00ednodo dos Bispos que ser\u00e1 realizado de 5 a 19 de outubro, durante o qual ser\u00e3o abordados os desafios pastorais da fam\u00edlia, no contexto da evangeliza\u00e7\u00e3o. No ano passado, o papa enviou \u00e0s par\u00f3quias de todo o mundo o \u201cDocumento Preparat\u00f3rio\u201d do pr\u00f3ximo s\u00ednodo com 35 quest\u00f5es sobre a fam\u00edlia, esperando contar com as contribui\u00e7\u00f5es das comunidades.<\/p>\n<p style=\"text-align: justify\">No domingo, 23 de fevereiro, o papa presidir\u00e1 a celebra\u00e7\u00e3o da missa com os novos cardeais. Conhe\u00e7a os nomeados:<\/p>\n<p style=\"text-align: justify\">1 \u2013 Dom Pietro Parolin, secret\u00e1rio de Estado.<\/p>\n<p style=\"text-align: justify\">2 \u2013 Dom Lorenzo Baldisseri, secret\u00e1rio geral do S\u00ednodo dos Bispos.<\/p>\n<p style=\"text-align: justify\">3 &#8211; Dom Gerhard Ludwig Muller, prefeito da Congrega\u00e7\u00e3o para a Doutrina da F\u00e9.<\/p>\n<p style=\"text-align: justify\">4 \u2013 Dom Beniamino Stella, prefeito da Congrega\u00e7\u00e3o per o Clero.<\/p>\n<p style=\"text-align: justify\">5 \u2013 Dom Vincent Nichols, arcebispo de Westminster (Gr\u00e3 Bretanha).<\/p>\n<p style=\"text-align: justify\">6 \u2013 Dom Leopoldo Jos\u00e9 Brenes Sol\u00f3rzano, arcebispo de Man\u00e1gua (Nicar\u00e1gua).<\/p>\n<p style=\"text-align: justify\">7 \u2013 Dom G\u00e9rald Cyprien Lacroix, arcebispo de Qu\u00e9bec (Canad\u00e1).<\/p>\n<p style=\"text-align: justify\">8 \u2013 Dom Jean-Pierre Kutwa, arcebispo de Abidj\u00e3 (Costa do Marfim).<\/p>\n<p style=\"text-align: justify\">9 \u2013 Dom Orani Jo\u00e3o Tempesta, O.Cist., arcebispo do Rio de Janeiro (Brasil).<\/p>\n<p style=\"text-align: justify\">10 \u2013 Dom Gualtiero Bassetti, arcebispo de Per\u00fagia-Citt\u00e0 della Pieve (It\u00e1lia).<\/p>\n<p style=\"text-align: justify\">11 \u2013 Dom Mario Aurelio Poli, arcebispo de Buenos Aires (Argentina).<\/p>\n<p style=\"text-align: justify\">12 \u2013 Dom Andrew Yeom Soo jung, arcebispo de Seoul (Coreia).<\/p>\n<p style=\"text-align: justify\">13 \u2013 Dom Ricardo Ezzati Andrello, S.D.B., arcebispo de Santiago do Chile (Chile).<\/p>\n<p style=\"text-align: justify\">14 \u2013 Dom Philippe N. Ou\u00e9draogo, arcebispo de Ouagadougou (Burquina Faso).<\/p>\n<p style=\"text-align: justify\">15 \u2013 Dom Orlando B. Quevedo, O.M.I., arcebispo de Cotabato (Filipinas).<\/p>\n<p style=\"text-align: justify\">16 \u2013 Dom Chibly Langlois, bispo de Les Cayes (Haiti).<\/p>\n<p style=\"text-align: justify\">\n<p style=\"text-align: justify\"><strong>O Papa tamb\u00e9m criou cardeal 3 arcebispos em\u00e9ritos:<\/strong><\/p>\n<p style=\"text-align: justify\">1 \u2013 Dom Loris Francesco Capovilla, arcebispo em\u00e9rito de Mesembria.<\/p>\n<p style=\"text-align: justify\">2 \u2013 Dom Fernando Sebasti\u00e1n Aguilar, C.M.F., arcebispo em\u00e9rito de Pamplona.<\/p>\n<p style=\"text-align: justify\">3 \u2013 Dom Kelvin Edward Felix, arcebispo em\u00e9rito de Castries<\/p>\n<p style=\"text-align: justify\">\n<p style=\"text-align: justify\"><strong>Col\u00e9gio cardinal\u00edcio <\/strong><\/p>\n<p style=\"text-align: justify\">De acordo com informa\u00e7\u00f5es do Vaticano, o papa seguiu a regra dos 120 cardeais eleitores com menos de 80 anos, nomeando 16 novos eleitores. S\u00e3o arcebispos ou bispos residenciais de pa\u00edses diferentes. O Brasil possui importante representatividade no Col\u00e9gio Cardinal\u00edcio e passar\u00e1 a ter 10 cardeais. Atualmente, s\u00e3o quatro eleitores: dom Raymundo Damasceno Assis, dom Jo\u00e3o Braz de Aviz, dom Cl\u00e1udio Hummes e dom Odilo Pedro Scherer. Cindo n\u00e3o-eleitores: dom Geraldo Majella Agnelo, dom Serafim Fernandes de Ara\u00fajo, dom Paulo Evaristo Arns, dom Jos\u00e9 Freire Falc\u00e3o e dom Eus\u00e9bio Oscar Scheid.<\/p>\n<div><\/div>\n<div><\/div>\n","protected":false},"excerpt":{"rendered":"<p>&nbsp; Durante o an\u00fancio dos novos cardeais, no domingo, 12, o papa Francisco disse que reunir\u00e1 o Col\u00e9gio Cardinal\u00edcio para debater o tema da fam\u00edlia. O consist\u00f3rio est\u00e1 marcado para o dia 22 de fevereiro, no Vaticano, data em que se celebra a Festa da C\u00e1tedra de S\u00e3o Pedro. Na cerim\u00f4nia, os nomeados receber\u00e3o o &hellip;<\/p>\n<p class=\"read-more\"> <a class=\"\" href=\"https:\/\/www.cnbb.org.br\/primeiro-consistorio-de-francisco-debatera-o-tema-da-familia\/\"> <span class=\"screen-reader-text\">Primeiro consist\u00f3rio de Francisco debater\u00e1 o tema da fam\u00edlia<\/span> Leia mais &raquo;<\/a><\/p>\n","protected":false},"author":83,"featured_media":18098,"comment_status":"open","ping_status":"open","sticky":false,"template":"","format":"standard","meta":{"site-sidebar-layout":"default","site-content-layout":"default","ast-global-header-display":"","ast-banner-title-visibility":"","ast-main-header-display":"","ast-hfb-above-header-display":"","ast-hfb-below-header-display":"","ast-hfb-mobile-header-display":"","site-post-title":"","ast-breadcrumbs-content":"","ast-featured-img":"","footer-sml-layout":"","theme-transparent-header-meta":"","adv-header-id-meta":"","stick-header-meta":"","header-above-stick-meta":"","header-main-stick-meta":"","header-below-stick-meta":""},"categories":[777],"tags":[],"acf":[],"_links":{"self":[{"href":"https:\/\/www.cnbb.org.br\/cnbb-app\/wp\/v2\/posts\/18097"}],"collection":[{"href":"https:\/\/www.cnbb.org.br\/cnbb-app\/wp\/v2\/posts"}],"about":[{"href":"https:\/\/www.cnbb.org.br\/cnbb-app\/wp\/v2\/types\/post"}],"author":[{"embeddable":true,"href":"https:\/\/www.cnbb.org.br\/cnbb-app\/wp\/v2\/users\/83"}],"replies":[{"embeddable":true,"href":"https:\/\/www.cnbb.org.br\/cnbb-app\/wp\/v2\/comments?post=18097"}],"version-history":[{"count":0,"href":"https:\/\/www.cnbb.org.br\/cnbb-app\/wp\/v2\/posts\/18097\/revisions"}],"wp:featuredmedia":[{"embeddable":true,"href":"https:\/\/www.cnbb.org.br\/cnbb-app\/wp\/v2\/media\/18098"}],"wp:attachment":[{"href":"https:\/\/www.cnbb.org.br\/cnbb-app\/wp\/v2\/media?parent=18097"}],"wp:term":[{"taxonomy":"category","embeddable":true,"href":"https:\/\/www.cnbb.org.br\/cnbb-app\/wp\/v2\/categories?post=18097"},{"taxonomy":"post_tag","embeddable":true,"href":"https:\/\/www.cnbb.org.br\/cnbb-app\/wp\/v2\/tags?post=18097"}],"curies":[{"name":"wp","href":"https:\/\/api.w.org\/{rel}","templated":true}]}}