{"id":18110,"date":"2014-06-13T00:00:00","date_gmt":"2014-06-13T03:00:00","guid":{"rendered":"https:\/\/www.cnbb.org.br\/congresso-da-pastoral-familiar-abordara-a-importancia-do-matrimonio\/"},"modified":"2020-03-11T16:48:11","modified_gmt":"2020-03-11T19:48:11","slug":"congresso-da-pastoral-familiar-abordara-a-importancia-do-matrimonio","status":"publish","type":"post","link":"https:\/\/www.cnbb.org.br\/congresso-da-pastoral-familiar-abordara-a-importancia-do-matrimonio\/","title":{"rendered":"Congresso da Pastoral Familiar abordar\u00e1 a import\u00e2ncia do matrim\u00f4nio"},"content":{"rendered":"<p style=\"text-align: justify\">A arquidiocese\u00a0<span style=\"line-height: 1.3em\">de\u00a0<\/span>S\u00e3o Lu\u00eds (MA), regional Nordeste 5 da CNBB, sediar\u00e1 o <span style=\"line-height: 1.3em\">XIV Congresso Nacional da Pastoral Familiar, de 26 a 28 de setembro. A proposta do encontro \u00e9 debater a experi\u00eancia familiar, a rela\u00e7\u00e3o do casal e a import\u00e2ncia do matrim\u00f4nio na constru\u00e7\u00e3o da fam\u00edlia crist\u00e3, motivados pelo tema &#8220;Fam\u00edlia, transmissora da f\u00e9&#8221; e lema \u201cAnunciai a f\u00e9 com ousadia e coragem\u201d.<\/span><\/p>\n<p><!--more--><\/p>\n<p style=\"text-align: justify\">\u00a0<span style=\"line-height: 1.3em\">O arcebispo de S\u00e3o Lu\u00eds e vice-presidente da CNBB, dom Jos\u00e9 Belis\u00e1rio da Silva, explica que o lema do encontro quer ajudar na reflex\u00e3o sobre os desafios e perspectivas da evangeliza\u00e7\u00e3o da fam\u00edlia, hoje. \u00a0\u201cSem a fam\u00edlia a sociedade n\u00e3o anda. Uma das grandes quest\u00f5es no mundo atual gira em torno das fragilidades das fam\u00edlias. Temos muita esperan\u00e7a que esse Congresso possa nos ajudar a trabalhar mais pela fam\u00edlia\u201d, disse o bispo.<\/span><\/p>\n<p style=\"text-align: justify\">Para dom Belis\u00e1rio, a fam\u00edlia deve superar os momentos de crises pr\u00f3prias da cultura e contexto em que vive. \u201c\u00c9 certo que a fam\u00edlia, em cada \u00e9poca, tem sua maneira de se organizar. No entanto, eu acredito que sem a fam\u00edlia, realmente, a sociedade n\u00e3o caminha. \u00c9 importante que formemos grupos familiares equilibrados, firmes e perseverantes; mesmo nas dificuldades da vida\u201d.<\/p>\n<p style=\"text-align: justify\"><strong style=\"line-height: 1.3em\"><br \/>\n<img decoding=\"async\" loading=\"lazy\" class=\" alignright size-full wp-image-22583\" style=\"float: right\" src=\"https:\/\/www.cnbb.org.br\/wp-content\/uploads\/2020\/03\/belisario-300x225-1.jpg\" width=\"261\" height=\"224\" border=\"0\" \/>Evangeliza\u00e7\u00e3o da fam\u00edlia<\/strong><\/p>\n<p style=\"text-align: justify\"><span style=\"line-height: 1.3em\">O evento reunir\u00e1 agentes de pastoral familiar, assessores, religiosos, coordenadores para planejar a evangeliza\u00e7\u00e3o da fam\u00edlia na Igreja no Brasil. O Congresso oferecer\u00e1 palestras, mesas redondas, pain\u00e9is e testemunhos, com participa\u00e7\u00e3o de bispos, sacerdotes e especialistas na \u00e1rea familiar.\u00a0<\/span><\/p>\n<p style=\"text-align: justify\"><span style=\"line-height: 1.3em\">\u201cEstamos felizes em poder receber o Congresso da Pastoral Familiar que reunir\u00e1 tantos participantes para debates necess\u00e1rios sobre a fam\u00edlia. Nossas expectativas s\u00e3o de um encontro agrad\u00e1vel e que traga bons frutos para a miss\u00e3o da Pastoral Familiar\u201d, comenta o arcebispo de S\u00e3o Lu\u00eds, dom Belis\u00e1rio.<\/span><\/p>\n<p style=\"text-align: justify\">Em comunicado, a organiza\u00e7\u00e3o explica que o evento visa possibilitar \u00e0s fam\u00edlias caminhos para a viv\u00eancia crist\u00e3. \u201cPor meio da evangeliza\u00e7\u00e3o, homem e mulher transmitam os valores da f\u00e9. Assim, a Pastoral Familiar, com intensidade e vigor, tenha a capacidade de orientar a fam\u00edlia a &#8220;construir sociedades com um rosto mais humano\u201d.<\/p>\n<p style=\"text-align: justify\"><span style=\"line-height: 1.3em\">Informa\u00e7\u00f5es e inscri\u00e7\u00f5es pelo site: <\/span><a style=\"line-height: 1.3em\" href=\"http:\/\/www.xivconnapf.com.br\/evento\" target=\"_blank\" rel=\"noopener\">www.xivconnapf.com.br\/evento<\/a><\/p>\n<p style=\"text-align: justify\">\n","protected":false},"excerpt":{"rendered":"<p>A arquidiocese\u00a0de\u00a0S\u00e3o Lu\u00eds (MA), regional Nordeste 5 da CNBB, sediar\u00e1 o XIV Congresso Nacional da Pastoral Familiar, de 26 a 28 de setembro. A proposta do encontro \u00e9 debater a experi\u00eancia familiar, a rela\u00e7\u00e3o do casal e a import\u00e2ncia do matrim\u00f4nio na constru\u00e7\u00e3o da fam\u00edlia crist\u00e3, motivados pelo tema &#8220;Fam\u00edlia, transmissora da f\u00e9&#8221; e lema &hellip;<\/p>\n<p class=\"read-more\"> <a class=\"\" href=\"https:\/\/www.cnbb.org.br\/congresso-da-pastoral-familiar-abordara-a-importancia-do-matrimonio\/\"> <span class=\"screen-reader-text\">Congresso da Pastoral Familiar abordar\u00e1 a import\u00e2ncia do matrim\u00f4nio<\/span> Leia mais &raquo;<\/a><\/p>\n","protected":false},"author":83,"featured_media":18112,"comment_status":"open","ping_status":"open","sticky":false,"template":"","format":"standard","meta":{"site-sidebar-layout":"default","site-content-layout":"default","ast-global-header-display":"","ast-banner-title-visibility":"","ast-main-header-display":"","ast-hfb-above-header-display":"","ast-hfb-below-header-display":"","ast-hfb-mobile-header-display":"","site-post-title":"","ast-breadcrumbs-content":"","ast-featured-img":"","footer-sml-layout":"","theme-transparent-header-meta":"","adv-header-id-meta":"","stick-header-meta":"","header-above-stick-meta":"","header-main-stick-meta":"","header-below-stick-meta":""},"categories":[777],"tags":[],"acf":[],"_links":{"self":[{"href":"https:\/\/www.cnbb.org.br\/cnbb-app\/wp\/v2\/posts\/18110"}],"collection":[{"href":"https:\/\/www.cnbb.org.br\/cnbb-app\/wp\/v2\/posts"}],"about":[{"href":"https:\/\/www.cnbb.org.br\/cnbb-app\/wp\/v2\/types\/post"}],"author":[{"embeddable":true,"href":"https:\/\/www.cnbb.org.br\/cnbb-app\/wp\/v2\/users\/83"}],"replies":[{"embeddable":true,"href":"https:\/\/www.cnbb.org.br\/cnbb-app\/wp\/v2\/comments?post=18110"}],"version-history":[{"count":0,"href":"https:\/\/www.cnbb.org.br\/cnbb-app\/wp\/v2\/posts\/18110\/revisions"}],"wp:featuredmedia":[{"embeddable":true,"href":"https:\/\/www.cnbb.org.br\/cnbb-app\/wp\/v2\/media\/18112"}],"wp:attachment":[{"href":"https:\/\/www.cnbb.org.br\/cnbb-app\/wp\/v2\/media?parent=18110"}],"wp:term":[{"taxonomy":"category","embeddable":true,"href":"https:\/\/www.cnbb.org.br\/cnbb-app\/wp\/v2\/categories?post=18110"},{"taxonomy":"post_tag","embeddable":true,"href":"https:\/\/www.cnbb.org.br\/cnbb-app\/wp\/v2\/tags?post=18110"}],"curies":[{"name":"wp","href":"https:\/\/api.w.org\/{rel}","templated":true}]}}