{"id":18135,"date":"2014-10-13T00:00:00","date_gmt":"2014-10-13T03:00:00","guid":{"rendered":"https:\/\/www.cnbb.org.br\/papa-nomeia-seis-padres-sinodais-para-documento-final-do-sinodo\/"},"modified":"2020-03-11T16:48:07","modified_gmt":"2020-03-11T19:48:07","slug":"papa-nomeia-seis-padres-sinodais-para-documento-final-do-sinodo","status":"publish","type":"post","link":"https:\/\/www.cnbb.org.br\/papa-nomeia-seis-padres-sinodais-para-documento-final-do-sinodo\/","title":{"rendered":"Papa nomeia seis padres sinodais para redigir documento do S\u00ednodo"},"content":{"rendered":"<p style=\"text-align: justify\"><span style=\"line-height: 1.3em\">A 3\u00aa Assembleia Extraordin\u00e1ria do S\u00ednodo dos Bispos encerra no pr\u00f3ximo domingo, 19. Para compor a equipe de reda\u00e7\u00e3o final do documento de reflex\u00e3o sobre os \u201cDesafios Pastorais da Fam\u00edlia\u201d, o papa Francisco nomeou seis padres sinodais. O texto n\u00e3o ser\u00e1 conclusivo, mas far\u00e1 os encaminhamentos para o S\u00ednodo de 2015.\u00a0<\/span><\/p>\n<p><!--more--><\/p>\n<p style=\"text-align: justify\"><span style=\"line-height: 1.3em\">Entre eles est\u00e3o o arcebispo argentino e reitor da Universidade Cat\u00f3lica Argentina, dom V\u00edctor Manuel Fern\u00e1ndez, e o superior da Ordem dos Jesu\u00edtas, o espanhol padre Adolfo Nicol\u00e1s.<\/span><\/p>\n<p style=\"text-align: justify\">Dom Fern\u00e1ndez colaborou com o ent\u00e3o cardeal Jorge Bergoglio, respons\u00e1vel na reda\u00e7\u00e3o Documento do Episcopado Latino-americano em Aparecida, em 2007. Tamb\u00e9m ir\u00e3o integrar o grupo o presidente do Conselho Pontif\u00edcio para a Cultura, cardeal Gianfranco Ravasi; o arcebispo de Washington, cardeal Donald W. Wuerl; o bispo Tlalneplanta no M\u00e9xico e presidente do Conselho Episcopal Latino-Americano (Celam), dom Carlos Aguiar Retes, e o bispo de Cheju e presidente da Confer\u00eancia Episcopal da Coreia, dom Peter Kang U-Il.<\/p>\n<p style=\"text-align: justify\">Os padres sinodais nomeados v\u00e3o trabalhar com o relator-geral, cardeal Peter Erdo, o secret\u00e1rio geral, cardeal Lorenzo Baldisseri e o secret\u00e1rio especial, dom Bruno Forte.<\/p>\n<h5 style=\"text-align: justify\"><strong><em>Com informa\u00e7\u00f5es e foto do News.va.<\/em><\/strong><\/h5>\n","protected":false},"excerpt":{"rendered":"<p>A 3\u00aa Assembleia Extraordin\u00e1ria do S\u00ednodo dos Bispos encerra no pr\u00f3ximo domingo, 19. Para compor a equipe de reda\u00e7\u00e3o final do documento de reflex\u00e3o sobre os \u201cDesafios Pastorais da Fam\u00edlia\u201d, o papa Francisco nomeou seis padres sinodais. O texto n\u00e3o ser\u00e1 conclusivo, mas far\u00e1 os encaminhamentos para o S\u00ednodo de 2015.\u00a0<\/p>\n","protected":false},"author":83,"featured_media":18136,"comment_status":"open","ping_status":"open","sticky":false,"template":"","format":"standard","meta":{"site-sidebar-layout":"default","site-content-layout":"default","ast-global-header-display":"","ast-banner-title-visibility":"","ast-main-header-display":"","ast-hfb-above-header-display":"","ast-hfb-below-header-display":"","ast-hfb-mobile-header-display":"","site-post-title":"","ast-breadcrumbs-content":"","ast-featured-img":"","footer-sml-layout":"","theme-transparent-header-meta":"","adv-header-id-meta":"","stick-header-meta":"","header-above-stick-meta":"","header-main-stick-meta":"","header-below-stick-meta":""},"categories":[777],"tags":[],"acf":[],"_links":{"self":[{"href":"https:\/\/www.cnbb.org.br\/cnbb-app\/wp\/v2\/posts\/18135"}],"collection":[{"href":"https:\/\/www.cnbb.org.br\/cnbb-app\/wp\/v2\/posts"}],"about":[{"href":"https:\/\/www.cnbb.org.br\/cnbb-app\/wp\/v2\/types\/post"}],"author":[{"embeddable":true,"href":"https:\/\/www.cnbb.org.br\/cnbb-app\/wp\/v2\/users\/83"}],"replies":[{"embeddable":true,"href":"https:\/\/www.cnbb.org.br\/cnbb-app\/wp\/v2\/comments?post=18135"}],"version-history":[{"count":0,"href":"https:\/\/www.cnbb.org.br\/cnbb-app\/wp\/v2\/posts\/18135\/revisions"}],"wp:featuredmedia":[{"embeddable":true,"href":"https:\/\/www.cnbb.org.br\/cnbb-app\/wp\/v2\/media\/18136"}],"wp:attachment":[{"href":"https:\/\/www.cnbb.org.br\/cnbb-app\/wp\/v2\/media?parent=18135"}],"wp:term":[{"taxonomy":"category","embeddable":true,"href":"https:\/\/www.cnbb.org.br\/cnbb-app\/wp\/v2\/categories?post=18135"},{"taxonomy":"post_tag","embeddable":true,"href":"https:\/\/www.cnbb.org.br\/cnbb-app\/wp\/v2\/tags?post=18135"}],"curies":[{"name":"wp","href":"https:\/\/api.w.org\/{rel}","templated":true}]}}