{"id":18137,"date":"2014-10-16T00:00:00","date_gmt":"2014-10-16T03:00:00","guid":{"rendered":"https:\/\/www.cnbb.org.br\/sinodo-podera-declarar-sao-jose-padroeiro-universal-das-familias\/"},"modified":"2020-03-11T16:48:07","modified_gmt":"2020-03-11T19:48:07","slug":"sinodo-podera-declarar-sao-jose-padroeiro-universal-das-familias","status":"publish","type":"post","link":"https:\/\/www.cnbb.org.br\/sinodo-podera-declarar-sao-jose-padroeiro-universal-das-familias\/","title":{"rendered":"S\u00ednodo poder\u00e1 declarar S\u00e3o Jos\u00e9 como padroeiro universal das fam\u00edlias"},"content":{"rendered":"<p style=\"text-align: justify\"><span style=\"line-height: 1.3em\">Durante interven\u00e7\u00e3o na 3\u00aa Assembleia do S\u00ednodo Extraordin\u00e1rio dos Bispos sobre a Fam\u00edlia, no Vaticano, o presidente da Confer\u00eancia Episcopal de El Salvador, arcebispo Jos\u00e9 Luis Escobar Alas, prop\u00f4s que S\u00e3o Jos\u00e9 seja declarado, pela Igreja, padroeiro universal das fam\u00edlias.<\/span><\/p>\n<p><!--more--><\/p>\n<p style=\"text-align: justify\">\u00a0<span style=\"line-height: 1.3em\">&#8220;Deus queira que tenhamos esta gra\u00e7a posto que \u00e9 modelo de marido, de pai, e protetor dos jovens. Mas tamb\u00e9m devemos considerar-lhe neste momento um defensor dos direitos da mulher e das crian\u00e7as. Foi ele quem protegeu a Sagrada Fam\u00edlia e o Divino Menino na fuga para o Egito. E deixe-me dizer mais uma coisa, S\u00e3o Jos\u00e9 continua cuidando de cada uma das nossas fam\u00edlias&#8221;, explicou dom Escobar em entrevista \u00e0 R\u00e1dio Vaticano.<\/span><\/p>\n<p style=\"text-align: justify\">O arcebispo disse, ainda, que o amor e devo\u00e7\u00e3o a S\u00e3o Jos\u00e9 est\u00e3o em toda a Igreja, pois \u00e9 o padroeiro universal da Igreja. &#8220;Tamb\u00e9m \u00e9 o padroeiro dos oper\u00e1rios. Mas, os bispos do meu pa\u00eds e o povo de Deus, consideramos que conv\u00e9m que S\u00e3o Jos\u00e9 seja o padroeiro universal da fam\u00edlia, e isto \u00e9 o que pedimos por escrito todos os bispos na nossa participa\u00e7\u00e3o no S\u00ednodo&#8221;, ressaltou.<\/p>\n<p style=\"text-align: justify\">A iniciativa de dom Escobar dever\u00e1 ser avaliada pela Assembleia do S\u00ednodo dos Bispos, que encerra neste domingo, 19.<\/p>\n<h5 style=\"text-align: justify\"><em><strong style=\"line-height: 1.3em\">Com informa\u00e7\u00f5es da ACI Digital.<\/strong><\/em><\/h5>\n","protected":false},"excerpt":{"rendered":"<p>Durante interven\u00e7\u00e3o na 3\u00aa Assembleia do S\u00ednodo Extraordin\u00e1rio dos Bispos sobre a Fam\u00edlia, no Vaticano, o presidente da Confer\u00eancia Episcopal de El Salvador, arcebispo Jos\u00e9 Luis Escobar Alas, prop\u00f4s que S\u00e3o Jos\u00e9 seja declarado, pela Igreja, padroeiro universal das fam\u00edlias.<\/p>\n","protected":false},"author":83,"featured_media":18138,"comment_status":"open","ping_status":"open","sticky":false,"template":"","format":"standard","meta":{"site-sidebar-layout":"default","site-content-layout":"default","ast-global-header-display":"","ast-banner-title-visibility":"","ast-main-header-display":"","ast-hfb-above-header-display":"","ast-hfb-below-header-display":"","ast-hfb-mobile-header-display":"","site-post-title":"","ast-breadcrumbs-content":"","ast-featured-img":"","footer-sml-layout":"","theme-transparent-header-meta":"","adv-header-id-meta":"","stick-header-meta":"","header-above-stick-meta":"","header-main-stick-meta":"","header-below-stick-meta":""},"categories":[777],"tags":[],"acf":[],"_links":{"self":[{"href":"https:\/\/www.cnbb.org.br\/cnbb-app\/wp\/v2\/posts\/18137"}],"collection":[{"href":"https:\/\/www.cnbb.org.br\/cnbb-app\/wp\/v2\/posts"}],"about":[{"href":"https:\/\/www.cnbb.org.br\/cnbb-app\/wp\/v2\/types\/post"}],"author":[{"embeddable":true,"href":"https:\/\/www.cnbb.org.br\/cnbb-app\/wp\/v2\/users\/83"}],"replies":[{"embeddable":true,"href":"https:\/\/www.cnbb.org.br\/cnbb-app\/wp\/v2\/comments?post=18137"}],"version-history":[{"count":0,"href":"https:\/\/www.cnbb.org.br\/cnbb-app\/wp\/v2\/posts\/18137\/revisions"}],"wp:featuredmedia":[{"embeddable":true,"href":"https:\/\/www.cnbb.org.br\/cnbb-app\/wp\/v2\/media\/18138"}],"wp:attachment":[{"href":"https:\/\/www.cnbb.org.br\/cnbb-app\/wp\/v2\/media?parent=18137"}],"wp:term":[{"taxonomy":"category","embeddable":true,"href":"https:\/\/www.cnbb.org.br\/cnbb-app\/wp\/v2\/categories?post=18137"},{"taxonomy":"post_tag","embeddable":true,"href":"https:\/\/www.cnbb.org.br\/cnbb-app\/wp\/v2\/tags?post=18137"}],"curies":[{"name":"wp","href":"https:\/\/api.w.org\/{rel}","templated":true}]}}