{"id":18144,"date":"2014-11-07T00:00:00","date_gmt":"2014-11-07T02:00:00","guid":{"rendered":"https:\/\/www.cnbb.org.br\/encontro-de-jurisprudentes-debatera-a-familia-como-patrimonio\/"},"modified":"2020-03-11T16:48:06","modified_gmt":"2020-03-11T19:48:06","slug":"encontro-de-jurisprudentes-debatera-a-familia-como-patrimonio","status":"publish","type":"post","link":"https:\/\/www.cnbb.org.br\/encontro-de-jurisprudentes-debatera-a-familia-como-patrimonio\/","title":{"rendered":"Encontro de Jurisprudentes debater\u00e1 a fam\u00edlia como patrim\u00f4nio"},"content":{"rendered":"<p style=\"text-align: justify\"><span style=\"line-height: 1.3em\">&#8220;Fam\u00edlia: patrim\u00f4nio da Humanidade\u201d ser\u00e1 o tema do 3\u00ba Encontro de Jurisprudentes de L\u00edngua Portuguesa que acontecer\u00e1 em S\u00e3o Paulo, dias 10 e 11 de novembro, no audit\u00f3rio Paulo Freire, da Pontif\u00edcia Universidade Cat\u00f3lica (PUC\/SP). Na solenidade de abertura, estar\u00e3o presentes o arcebispo de Aparecida (SP) e presidente da Confer\u00eancia Nacional dos Bispos do Brasil (CNBB), cardeal Raymundo Damasceno Assis, e o arcebispo Metropolitano de S\u00e3o Paulo, cardeal Odilo Pedro Scherer.<\/span><\/p>\n<p><!--more--><\/p>\n<p style=\"text-align: justify\"><span style=\"line-height: 1.3em\">O 3\u00ba Encontro de Jurisprudentes ter\u00e1, na confer\u00eancia inicial, a presen\u00e7a do desembargador presidente do Tribunal de Justi\u00e7a do Estado de S\u00e3o Paulo, professor doutor Jos\u00e9 Renato Nalini, que abordar\u00e1 o tema \u201cA Fam\u00edlia, contemporaneidade e seus desafios\u201d.<\/span><\/p>\n<p style=\"text-align: justify\">O congresso receber\u00e1 a participa\u00e7\u00e3o de juristas do Brasil, de Portugal e do Vaticano, entre eles monsenhor Riccardo Mensuali, do Conselho Pontif\u00edcio da Fam\u00edlia.<\/p>\n<p style=\"text-align: justify\"><strong>Tem\u00e1ticas<\/strong><\/p>\n<p style=\"text-align: justify\">Os trabalhos ser\u00e3o articulados em seis mesas de debate com os seguintes temas: \u201cA Fam\u00edlia como uma entidade interdisciplinar\u201d, \u201cO direito e a fam\u00edlia: os direitos das fam\u00edlias\u201d, \u201cOs novos horizontes da fam\u00edlia: mudan\u00e7a, evolu\u00e7\u00e3o ou quebra de paradigmas?\u201d, \u201cA educa\u00e7\u00e3o das fam\u00edlias e a miss\u00e3o de formar pessoas\u201d, \u201cAs cidades e as fam\u00edlias: a quest\u00e3o da urbaniza\u00e7\u00e3o e a moradia nas metr\u00f3poles\u201d e \u201cFam\u00edlia e comunica\u00e7\u00e3o: os desafios no s\u00e9culo XXI\u201d.<\/p>\n<p style=\"text-align: justify\">O evento \u00e9 promovido em conjunto pela Funda\u00e7\u00e3o S\u00e3o Paulo, Conselho Pontif\u00edcio para a Fam\u00edlia e Academia de Jurisprudentes de L\u00edngua Portuguesa.<\/p>\n<p style=\"text-align: justify\">\n<p>&nbsp;<\/p>\n","protected":false},"excerpt":{"rendered":"<p>&#8220;Fam\u00edlia: patrim\u00f4nio da Humanidade\u201d ser\u00e1 o tema do 3\u00ba Encontro de Jurisprudentes de L\u00edngua Portuguesa que acontecer\u00e1 em S\u00e3o Paulo, dias 10 e 11 de novembro, no audit\u00f3rio Paulo Freire, da Pontif\u00edcia Universidade Cat\u00f3lica (PUC\/SP). Na solenidade de abertura, estar\u00e3o presentes o arcebispo de Aparecida (SP) e presidente da Confer\u00eancia Nacional dos Bispos do Brasil &hellip;<\/p>\n<p class=\"read-more\"> <a class=\"\" href=\"https:\/\/www.cnbb.org.br\/encontro-de-jurisprudentes-debatera-a-familia-como-patrimonio\/\"> <span class=\"screen-reader-text\">Encontro de Jurisprudentes debater\u00e1 a fam\u00edlia como patrim\u00f4nio<\/span> Leia mais &raquo;<\/a><\/p>\n","protected":false},"author":83,"featured_media":18145,"comment_status":"open","ping_status":"open","sticky":false,"template":"","format":"standard","meta":{"site-sidebar-layout":"default","site-content-layout":"default","ast-global-header-display":"","ast-banner-title-visibility":"","ast-main-header-display":"","ast-hfb-above-header-display":"","ast-hfb-below-header-display":"","ast-hfb-mobile-header-display":"","site-post-title":"","ast-breadcrumbs-content":"","ast-featured-img":"","footer-sml-layout":"","theme-transparent-header-meta":"","adv-header-id-meta":"","stick-header-meta":"","header-above-stick-meta":"","header-main-stick-meta":"","header-below-stick-meta":""},"categories":[777],"tags":[],"acf":[],"_links":{"self":[{"href":"https:\/\/www.cnbb.org.br\/cnbb-app\/wp\/v2\/posts\/18144"}],"collection":[{"href":"https:\/\/www.cnbb.org.br\/cnbb-app\/wp\/v2\/posts"}],"about":[{"href":"https:\/\/www.cnbb.org.br\/cnbb-app\/wp\/v2\/types\/post"}],"author":[{"embeddable":true,"href":"https:\/\/www.cnbb.org.br\/cnbb-app\/wp\/v2\/users\/83"}],"replies":[{"embeddable":true,"href":"https:\/\/www.cnbb.org.br\/cnbb-app\/wp\/v2\/comments?post=18144"}],"version-history":[{"count":0,"href":"https:\/\/www.cnbb.org.br\/cnbb-app\/wp\/v2\/posts\/18144\/revisions"}],"wp:featuredmedia":[{"embeddable":true,"href":"https:\/\/www.cnbb.org.br\/cnbb-app\/wp\/v2\/media\/18145"}],"wp:attachment":[{"href":"https:\/\/www.cnbb.org.br\/cnbb-app\/wp\/v2\/media?parent=18144"}],"wp:term":[{"taxonomy":"category","embeddable":true,"href":"https:\/\/www.cnbb.org.br\/cnbb-app\/wp\/v2\/categories?post=18144"},{"taxonomy":"post_tag","embeddable":true,"href":"https:\/\/www.cnbb.org.br\/cnbb-app\/wp\/v2\/tags?post=18144"}],"curies":[{"name":"wp","href":"https:\/\/api.w.org\/{rel}","templated":true}]}}