{"id":18150,"date":"2014-12-29T00:00:00","date_gmt":"2014-12-29T02:00:00","guid":{"rendered":"https:\/\/www.cnbb.org.br\/uma-familia-para-jesus\/"},"modified":"2020-03-11T16:48:05","modified_gmt":"2020-03-11T19:48:05","slug":"uma-familia-para-jesus","status":"publish","type":"post","link":"https:\/\/www.cnbb.org.br\/uma-familia-para-jesus\/","title":{"rendered":"Uma fam\u00edlia para Jesus"},"content":{"rendered":"<h4 style=\"text-align: right\" align=\"center\"><strong>Dom Can\u00edsio Klaus<br \/>\nBispo de Santa Cruz do Sul (RS)\u00a0<\/strong><\/h4>\n<p style=\"text-align: justify\">As comemora\u00e7\u00f5es do Natal e do fim de ano est\u00e3o profundamente relacionadas com a fam\u00edlia. Elas s\u00e3o um convite, quase que natural, a que as pessoas busquem a fam\u00edlia para alguma refei\u00e7\u00e3o em conjunto. Quem por uma ou outra raz\u00e3o fica privado deste encontro familiar, sente a solid\u00e3o e tende a n\u00e3o gostar das festividades natalinas. \u00c9 o que se comprova nas conversas com pessoas que perderam algum familiar recentemente ou tamb\u00e9m com as pessoas idosas que vivem em asilos ou casas geri\u00e1tricas e n\u00e3o podem usufruir o conv\u00edvio com a fam\u00edlia nos dias de Natal.<\/p>\n<p><!--more--><\/p>\n<p style=\"text-align: justify\">\n<p style=\"text-align: justify\">Ao propor a comemora\u00e7\u00e3o da festa da Sagrada Fam\u00edlia no domingo posterior ao Natal, a Igreja, al\u00e9m de chamar a aten\u00e7\u00e3o para a fam\u00edlia de Nazar\u00e9, alerta para a import\u00e2ncia que a fam\u00edlia tem para as pessoas. Ao lembrar que \u201cJesus crescia em idade, sabedoria e gra\u00e7a diante de Deus\u201d, amparado por Jos\u00e9 e Maria, a Igreja indica a Sagrada Fam\u00edlia de Nazar\u00e9 como modelo para todas as fam\u00edlias.<\/p>\n<p style=\"text-align: justify\">\u00c9 louv\u00e1vel o fato de muitas fam\u00edlias reservarem um espa\u00e7o em suas agendas para a ceia do Natal na noite do dia 24 de dezembro ou o almo\u00e7o de confraterniza\u00e7\u00e3o no dia 25.<\/p>\n<p style=\"text-align: justify\">Ao pensar nestes encontros de fam\u00edlia, a equipe da Pastoral Familiar da Diocese de Santa Cruz do Sul editou um cart\u00e3o para ser entregue a todas as fam\u00edlias, convidando a aproveitar a oportunidade para rezar com a fam\u00edlia e pela fam\u00edlia.<\/p>\n<p style=\"text-align: justify\">Partimos do pressuposto de que a fam\u00edlia \u00e9 um grande presente que recebemos de Deus.\u00a0 Ela \u00e9 uma institui\u00e7\u00e3o sagrada e querida desde o princ\u00edpio da humanidade. Deus mesmo quis se encarnar no seio de uma fam\u00edlia e ningu\u00e9m nasce sem pai e sem m\u00e3e. Por isso, manter a fam\u00edlia \u00e9 \u201cuma das nossas responsabilidades\u201d.<\/p>\n<p style=\"text-align: justify\">Se a fam\u00edlia \u00e9 um presente que recebemos de Deus, tamb\u00e9m entendemos que cada pessoa \u00e9 um presente para a sua fam\u00edlia. Os filhos s\u00e3o presentes para os pais e os pais s\u00e3o presentes para os filhos. A esposa \u00e9 presente para o marido e o marido \u00e9 presente para a esposa. Os av\u00f3s s\u00e3o presentes para os netos e os netos s\u00e3o presentes para os av\u00f3s. Por isso, vale a gente se perguntar: \u201cque presente eu sou para minha fam\u00edlia?\u201d Ser\u00e1 que eu sou um presente agrad\u00e1vel e desej\u00e1vel, ou sou um \u201cpresente grego que ningu\u00e9m merece e nem quer\u201d?<\/p>\n<p style=\"text-align: justify\">Como presentes que somos para as fam\u00edlias, tamb\u00e9m devemos marcar presen\u00e7a junto \u00e0 nossa fam\u00edlia. Mais do que bens materiais, os filhos desejam os pais \u201cpresentes\u201d em seu dia a dia. O mesmo vale para as muitas pessoas idosas que est\u00e3o abandonadas em suas casas ou nas casas geri\u00e1tricas e que desejariam participar no conv\u00edvio da fam\u00edlia.<\/p>\n<p style=\"text-align: justify\">Olhemos para a Sagrada Fam\u00edlia de Nazar\u00e9 e busquemos nela inspira\u00e7\u00e3o para a nossa vida familiar. Transformemos a nossa fam\u00edlia em santu\u00e1rio da Vida e do Amor, e teremos a ben\u00e7\u00e3o de Deus por interm\u00e9dio da fam\u00edlia de Jesus, Maria e Jos\u00e9.<\/p>\n<p style=\"text-align: justify\">Votos de aben\u00e7oado Ano Novo com muita Paz para todas as fam\u00edlias!<\/p>\n<p style=\"text-align: justify\">\n<p style=\"text-align: justify\" align=\"right\"><em>\u00a0<\/em><\/p>\n","protected":false},"excerpt":{"rendered":"<p>Dom Can\u00edsio Klaus Bispo de Santa Cruz do Sul (RS)\u00a0 As comemora\u00e7\u00f5es do Natal e do fim de ano est\u00e3o profundamente relacionadas com a fam\u00edlia. Elas s\u00e3o um convite, quase que natural, a que as pessoas busquem a fam\u00edlia para alguma refei\u00e7\u00e3o em conjunto. Quem por uma ou outra raz\u00e3o fica privado deste encontro familiar, &hellip;<\/p>\n<p class=\"read-more\"> <a class=\"\" href=\"https:\/\/www.cnbb.org.br\/uma-familia-para-jesus\/\"> <span class=\"screen-reader-text\">Uma fam\u00edlia para Jesus<\/span> Leia mais &raquo;<\/a><\/p>\n","protected":false},"author":83,"featured_media":0,"comment_status":"open","ping_status":"open","sticky":false,"template":"","format":"standard","meta":{"site-sidebar-layout":"default","site-content-layout":"default","ast-global-header-display":"","ast-banner-title-visibility":"","ast-main-header-display":"","ast-hfb-above-header-display":"","ast-hfb-below-header-display":"","ast-hfb-mobile-header-display":"","site-post-title":"","ast-breadcrumbs-content":"","ast-featured-img":"","footer-sml-layout":"","theme-transparent-header-meta":"","adv-header-id-meta":"","stick-header-meta":"","header-above-stick-meta":"","header-main-stick-meta":"","header-below-stick-meta":""},"categories":[777],"tags":[],"acf":[],"_links":{"self":[{"href":"https:\/\/www.cnbb.org.br\/cnbb-app\/wp\/v2\/posts\/18150"}],"collection":[{"href":"https:\/\/www.cnbb.org.br\/cnbb-app\/wp\/v2\/posts"}],"about":[{"href":"https:\/\/www.cnbb.org.br\/cnbb-app\/wp\/v2\/types\/post"}],"author":[{"embeddable":true,"href":"https:\/\/www.cnbb.org.br\/cnbb-app\/wp\/v2\/users\/83"}],"replies":[{"embeddable":true,"href":"https:\/\/www.cnbb.org.br\/cnbb-app\/wp\/v2\/comments?post=18150"}],"version-history":[{"count":0,"href":"https:\/\/www.cnbb.org.br\/cnbb-app\/wp\/v2\/posts\/18150\/revisions"}],"wp:attachment":[{"href":"https:\/\/www.cnbb.org.br\/cnbb-app\/wp\/v2\/media?parent=18150"}],"wp:term":[{"taxonomy":"category","embeddable":true,"href":"https:\/\/www.cnbb.org.br\/cnbb-app\/wp\/v2\/categories?post=18150"},{"taxonomy":"post_tag","embeddable":true,"href":"https:\/\/www.cnbb.org.br\/cnbb-app\/wp\/v2\/tags?post=18150"}],"curies":[{"name":"wp","href":"https:\/\/api.w.org\/{rel}","templated":true}]}}