{"id":18151,"date":"2015-01-02T00:00:00","date_gmt":"2015-01-02T02:00:00","guid":{"rendered":"https:\/\/www.cnbb.org.br\/encontro-mundial-das-familias-abre-inscricoes\/"},"modified":"2020-03-11T16:48:04","modified_gmt":"2020-03-11T19:48:04","slug":"encontro-mundial-das-familias-abre-inscricoes","status":"publish","type":"post","link":"https:\/\/www.cnbb.org.br\/encontro-mundial-das-familias-abre-inscricoes\/","title":{"rendered":"Encontro Mundial das Fam\u00edlias abre inscri\u00e7\u00f5es"},"content":{"rendered":"<p style=\"text-align: justify\" align=\"center\"><span style=\"line-height: 1.3em\">Com o tema &#8220;O amor \u00e9 a nossa miss\u00e3o: a fam\u00edlia plenamente viva&#8221;, o Encontro Mundial das Fam\u00edlias acontecer\u00e1 na Filad\u00e9lfia, de 22 a 25 de setembro pr\u00f3ximo. As fam\u00edlias e grupos de peregrinos que desejam participar do evento, com o papa Francisco, j\u00e1 podem se inscrever pelo <\/span><a style=\"line-height: 1.3em\" href=\"http:\/\/www.worldmeeting2015.org\/Plan-your-visit\/\" target=\"_blank\" rel=\"noopener noreferrer\">site oficial<\/a><span style=\"line-height: 1.3em\">.<\/span><\/p>\n<p><!--more--><\/p>\n<p style=\"text-align: justify\" align=\"center\"><span style=\"line-height: 1.3em\">O Encontro Mundial contar\u00e1 com dois grandes Congressos, sendo um para adultos e o outro para jovens entre 6 e 17 anos. Ser\u00e3o oferecidos programas interativos para os jovens, buscando favorecer reflex\u00f5es sobre a miss\u00e3o de amor em uma fam\u00edlia.<\/span><\/p>\n<p style=\"text-align: justify\">A expectativa da organiza\u00e7\u00e3o \u00e9 receber 15 mil delegados de mais de 150 na\u00e7\u00f5es. Cerca de 100 palestrantes de diferentes partes do mundo ir\u00e3o contribuir com o debate dos temas. De acordo com o arcebispo do Filad\u00e9lfia, dom Charles J. Chaput, o Encontro Mundial das Fam\u00edlias ser\u00e1 uma oportunidade de debater quest\u00f5es da fam\u00edlia, buscando oferecer caminhos pastorais para enfrentar as dificuldades da vida familiar.<\/p>\n<p style=\"text-align: justify\"><strong style=\"line-height: 1.3em\">Inscri\u00e7\u00f5es<\/strong><\/p>\n<p style=\"text-align: justify\">Os interessados podem se inscrever em fam\u00edlias, grupos ou na categoria individual. A inscri\u00e7\u00e3o garantir\u00e1 acesso ao Centro de Conven\u00e7\u00f5es da Pensilv\u00e2nia, nos quatro dias do evento, al\u00e9m de reserva em hotel. S\u00e3o oferecidos pacotes de acordo com o tipo de inscri\u00e7\u00e3o. <strong>Acesse:<\/strong> www.worldmeeting2015.org\/Plan-your-visit\/<\/p>\n<p style=\"text-align: justify\">Durante o Encontro Mundial das Fam\u00edlias, haver\u00e1 tamb\u00e9m uma creche para crian\u00e7as menores de seis anos de idade. O Congresso para adultos acima dos 18 anos ser\u00e1 composto de sess\u00f5es que abordar\u00e3o maneiras de fortalecer os la\u00e7os familiares, diante dos desafios que enfrentam a fam\u00edlia no contexto atual.<\/p>\n<p style=\"text-align: justify\"><strong><span style=\"font-size: xx-small\"><em>Com informa\u00e7\u00f5es da organiza\u00e7\u00e3o do evento.<\/em><\/span><\/strong><\/p>\n<p style=\"text-align: justify\"><em>\u00a0<\/em><\/p>\n","protected":false},"excerpt":{"rendered":"<p>Com o tema &#8220;O amor \u00e9 a nossa miss\u00e3o: a fam\u00edlia plenamente viva&#8221;, o Encontro Mundial das Fam\u00edlias acontecer\u00e1 na Filad\u00e9lfia, de 22 a 25 de setembro pr\u00f3ximo. As fam\u00edlias e grupos de peregrinos que desejam participar do evento, com o papa Francisco, j\u00e1 podem se inscrever pelo site oficial.<\/p>\n","protected":false},"author":83,"featured_media":18152,"comment_status":"open","ping_status":"open","sticky":false,"template":"","format":"standard","meta":{"site-sidebar-layout":"default","site-content-layout":"default","ast-global-header-display":"","ast-banner-title-visibility":"","ast-main-header-display":"","ast-hfb-above-header-display":"","ast-hfb-below-header-display":"","ast-hfb-mobile-header-display":"","site-post-title":"","ast-breadcrumbs-content":"","ast-featured-img":"","footer-sml-layout":"","theme-transparent-header-meta":"","adv-header-id-meta":"","stick-header-meta":"","header-above-stick-meta":"","header-main-stick-meta":"","header-below-stick-meta":""},"categories":[777],"tags":[],"acf":[],"_links":{"self":[{"href":"https:\/\/www.cnbb.org.br\/cnbb-app\/wp\/v2\/posts\/18151"}],"collection":[{"href":"https:\/\/www.cnbb.org.br\/cnbb-app\/wp\/v2\/posts"}],"about":[{"href":"https:\/\/www.cnbb.org.br\/cnbb-app\/wp\/v2\/types\/post"}],"author":[{"embeddable":true,"href":"https:\/\/www.cnbb.org.br\/cnbb-app\/wp\/v2\/users\/83"}],"replies":[{"embeddable":true,"href":"https:\/\/www.cnbb.org.br\/cnbb-app\/wp\/v2\/comments?post=18151"}],"version-history":[{"count":0,"href":"https:\/\/www.cnbb.org.br\/cnbb-app\/wp\/v2\/posts\/18151\/revisions"}],"wp:featuredmedia":[{"embeddable":true,"href":"https:\/\/www.cnbb.org.br\/cnbb-app\/wp\/v2\/media\/18152"}],"wp:attachment":[{"href":"https:\/\/www.cnbb.org.br\/cnbb-app\/wp\/v2\/media?parent=18151"}],"wp:term":[{"taxonomy":"category","embeddable":true,"href":"https:\/\/www.cnbb.org.br\/cnbb-app\/wp\/v2\/categories?post=18151"},{"taxonomy":"post_tag","embeddable":true,"href":"https:\/\/www.cnbb.org.br\/cnbb-app\/wp\/v2\/tags?post=18151"}],"curies":[{"name":"wp","href":"https:\/\/api.w.org\/{rel}","templated":true}]}}