{"id":18155,"date":"2015-01-22T00:00:00","date_gmt":"2015-01-22T02:00:00","guid":{"rendered":"https:\/\/www.cnbb.org.br\/presidente-da-comissao-vida-e-familia-comenta-declaracao-do-papa-francisco-sobre-paternidade-responsavel\/"},"modified":"2020-03-11T16:48:04","modified_gmt":"2020-03-11T19:48:04","slug":"presidente-da-comissao-vida-e-familia-comenta-declaracao-do-papa-francisco-sobre-paternidade-responsavel","status":"publish","type":"post","link":"https:\/\/www.cnbb.org.br\/presidente-da-comissao-vida-e-familia-comenta-declaracao-do-papa-francisco-sobre-paternidade-responsavel\/","title":{"rendered":"Presidente da Comiss\u00e3o Vida e Fam\u00edlia comenta declara\u00e7\u00e3o do papa sobre paternidade respons\u00e1vel"},"content":{"rendered":"<p style=\"text-align: justify\"><span style=\"line-height: 1.3em\">Durante voo de retorno ao Vaticano, na segunda-feira, 19, ap\u00f3s visita pastoral \u00e0 \u00c1sia, o papa Francisco atendeu aos jornalistas em coletiva. Entre os assuntos abordados, o pont\u00edfice foi questionado sobre o que diria \u00e0s fam\u00edlias que tinham mais filhos do que podiam criar e sobre as proibi\u00e7\u00f5es da Igreja Cat\u00f3lica referente ao controle artificial de natalidade.<\/span><\/p>\n<p><!--more--><\/p>\n<p style=\"text-align: justify\"><span style=\"line-height: 1.3em\">&#8220;Algumas pessoas pensam &#8211; e desculpem minha express\u00e3o aqui &#8211; que, para ser um bom cat\u00f3lico, eles precisam ser como coelhos. N\u00e3o. Paternidade tem a ver com responsabilidade. Isto \u00e9 claro&#8221;, respondeu o papa.\u00a0 Durante a conversa, Francisco se manteve firme contra o controle de natalidade artificial e disse que uma nova vida \u00e9 &#8220;parte do sacramento do matrim\u00f4nio&#8221;.<\/span><\/p>\n<p style=\"text-align: justify\">O bispo de Cama\u00e7ari (BA) e presidente da Comiss\u00e3o Episcopal para a Vida e a Fam\u00edlia da Confer\u00eancia Nacional dos Bispos do Brasil (CNBB), comenta a declara\u00e7\u00e3o do papa que &#8220;cat\u00f3licos n\u00e3o devem se reproduzir feito coelhos&#8221;.<\/p>\n<p style=\"text-align: justify\">\u201cO papa Francisco n\u00e3o deixa de surpreender aos observadores com seu estilo, que quebra protocolos, e fala dirigindo-se principalmente \u00e0s pessoas simples, e n\u00e3o aos te\u00f3logos e intelectuais em geral. Na entrevista dada durante a viagem de retorno das Filipinas, o tom era evidentemente coloquial. E nesse tom, fala de realidades important\u00edssimas. Em primeiro lugar, alude a uma mentalidade que, especialmente a partir dos anos 60 fala em tons alarmistas da \u2018explos\u00e3o demogr\u00e1fica\u2019, alegando que a pobreza de muitos povos se deve a uma esp\u00e9cie de \u00e2nsia reprodutiva dos mais pobres. Por esse caminho, muitos pa\u00edses alcan\u00e7aram taxas negativas de natalidade, com graves problemas sociais, tais como o envelhecimento da popula\u00e7\u00e3o, isto \u00e9, presen\u00e7a de um contingente de idosos muito mais numeroso que de jovens. Isto gera graves desequil\u00edbrios na sociedade, podendo levar \u00e0 fal\u00eancia as caixas de governos que n\u00e3o t\u00eam como pagar os benef\u00edcios previdenci\u00e1rios dos idosos e seus cuidados m\u00e9dicos\u201d, explica dom Petrini.<\/p>\n<p style=\"text-align: justify\"><strong>Dignidade humana<\/strong><\/p>\n<p style=\"text-align: justify\"><span style=\"line-height: 1.3em\">Sobre o conceito de &#8220;paternidade respons\u00e1vel\u201d expressado pelo papa durante a coletiva, dom Petrini diz que o pont\u00edfice referiu-se ao conceito usado pela Igreja h\u00e1 muito tempo e incorporado pelo Beato papa Paulo VI na Enc\u00edclica <\/span><em style=\"line-height: 1.3em\">Humanae Vitae<\/em><span style=\"line-height: 1.3em\">, de 1968. O conceito foi se popularizando e est\u00e1 presente no Catecismo da Igreja Cat\u00f3lica, de 1992. O n\u00famero 2368 deste documento afirma: &#8216;Um aspecto particular desta responsabilidade diz respeito \u00e0 regula\u00e7\u00e3o dos nascimentos. Por raz\u00f5es justas, os esposos podem querer espa\u00e7ar os nascimentos de seus filhos&#8217;. Paternidade respons\u00e1vel \u00e9, ent\u00e3o, a atitude dos esposos que, avaliando suas condi\u00e7\u00f5es (econ\u00f4micas, de sa\u00fade, etc.) decidem quando ter um filho e quando esperar. O mesmo n\u00famero acima recordado acrescenta: &#8216;Cabe-lhes verificar que seu desejo n\u00e3o prov\u00e9m do ego\u00edsmo, mas est\u00e1 de acordo com a justa generosidade de uma paternidade respons\u00e1vel&#8217;. O papa recorda o que a Igreja sempre disse: que n\u00e3o corresponde \u00e0 dignidade humana agir por puro instinto, pois atitudes dominadas pelo instinto s\u00e3o pr\u00f3prias dos animais\u201d, comenta o bispo.\u00a0<\/span><\/p>\n<p style=\"text-align: justify\"><strong>M\u00e9todos contraceptivos<\/strong><\/p>\n<p style=\"text-align: justify\">A quest\u00e3o dos m\u00e9todos contraceptivos foi outro questionamento apresentado pelos jornalistas ao papa. Dom Petrini recorda que Francisco disse conhecer muitos m\u00e9todos que s\u00e3o eficazes para regular a fecundidade e que n\u00e3o s\u00e3o artificiais. \u201cDe fato, nos \u00faltimos anos, a ci\u00eancia m\u00e9dica tem avan\u00e7ado muito no aprimoramento de m\u00e9todos naturais que d\u00e3o o casal a possibilidade de regular o n\u00famero de filhos. Trata-se de m\u00e9todos que exigem e promovem um entrosamento entre os esposos, um permanente di\u00e1logo, uma sintonia fina, isto \u00e9, atitudes que constituem uma extraordin\u00e1ria riqueza em suas rela\u00e7\u00f5es \u00edntimas. Os interesses dominantes s\u00e3o mais favor\u00e1veis a outros m\u00e9todos que necessitam de artefatos produzidos por ind\u00fastrias e que, portanto, rendem lucros ingentes. Essa \u00e9 a raz\u00e3o principal pela qual estes m\u00e9todos veiculam intensa propaganda e recebem o consenso de todas as formas de poder\u201d.<\/p>\n<p style=\"text-align: justify\"><span style=\"line-height: 1.3em\">Ainda, sobre os m\u00e9todos contraceptivos, o presidente da Comiss\u00e3o Vida e Fam\u00edlia da CNBB, dom Jo\u00e3o Carlos Petrini destaca que a Igreja sempre esteve preocupada em zelar para que nada de externo ou artificial se interponha na express\u00e3o da intimidade, na viv\u00eancia do amor humano.<\/span><\/p>\n<p style=\"text-align: justify\">\u201cEste cuidado visa n\u00e3o tirar a responsabilidade de uma das partes, quase sempre o homem, nos cuidados com os efeitos das rela\u00e7\u00f5es sexuais, porque isto poderia transformar a sexualidade num lazer e a mulher num brinquedo. Nesses casos, poderiam faltar a considera\u00e7\u00e3o e o respeito necess\u00e1rios para que o relacionamento entre homem e mulher se desenvolva na plenitude da dignidade e seja fonte de satisfa\u00e7\u00e3o e verdadeira realiza\u00e7\u00e3o humana\u201d.<\/p>\n<p style=\"text-align: justify\"><em>\u00a0Com informa\u00e7\u00f5es da Comiss\u00e3o Vida e Fam\u00edlia.\u00a0<\/em><\/p>\n<p><em>\u00a0<\/em><\/p>\n<p>&nbsp;<\/p>\n","protected":false},"excerpt":{"rendered":"<p>Durante voo de retorno ao Vaticano, na segunda-feira, 19, ap\u00f3s visita pastoral \u00e0 \u00c1sia, o papa Francisco atendeu aos jornalistas em coletiva. Entre os assuntos abordados, o pont\u00edfice foi questionado sobre o que diria \u00e0s fam\u00edlias que tinham mais filhos do que podiam criar e sobre as proibi\u00e7\u00f5es da Igreja Cat\u00f3lica referente ao controle artificial &hellip;<\/p>\n<p class=\"read-more\"> <a class=\"\" href=\"https:\/\/www.cnbb.org.br\/presidente-da-comissao-vida-e-familia-comenta-declaracao-do-papa-francisco-sobre-paternidade-responsavel\/\"> <span class=\"screen-reader-text\">Presidente da Comiss\u00e3o Vida e Fam\u00edlia comenta declara\u00e7\u00e3o do papa sobre paternidade respons\u00e1vel<\/span> Leia mais &raquo;<\/a><\/p>\n","protected":false},"author":83,"featured_media":18156,"comment_status":"open","ping_status":"open","sticky":false,"template":"","format":"standard","meta":{"site-sidebar-layout":"default","site-content-layout":"default","ast-global-header-display":"","ast-banner-title-visibility":"","ast-main-header-display":"","ast-hfb-above-header-display":"","ast-hfb-below-header-display":"","ast-hfb-mobile-header-display":"","site-post-title":"","ast-breadcrumbs-content":"","ast-featured-img":"","footer-sml-layout":"","theme-transparent-header-meta":"","adv-header-id-meta":"","stick-header-meta":"","header-above-stick-meta":"","header-main-stick-meta":"","header-below-stick-meta":""},"categories":[777],"tags":[],"acf":[],"_links":{"self":[{"href":"https:\/\/www.cnbb.org.br\/cnbb-app\/wp\/v2\/posts\/18155"}],"collection":[{"href":"https:\/\/www.cnbb.org.br\/cnbb-app\/wp\/v2\/posts"}],"about":[{"href":"https:\/\/www.cnbb.org.br\/cnbb-app\/wp\/v2\/types\/post"}],"author":[{"embeddable":true,"href":"https:\/\/www.cnbb.org.br\/cnbb-app\/wp\/v2\/users\/83"}],"replies":[{"embeddable":true,"href":"https:\/\/www.cnbb.org.br\/cnbb-app\/wp\/v2\/comments?post=18155"}],"version-history":[{"count":0,"href":"https:\/\/www.cnbb.org.br\/cnbb-app\/wp\/v2\/posts\/18155\/revisions"}],"wp:featuredmedia":[{"embeddable":true,"href":"https:\/\/www.cnbb.org.br\/cnbb-app\/wp\/v2\/media\/18156"}],"wp:attachment":[{"href":"https:\/\/www.cnbb.org.br\/cnbb-app\/wp\/v2\/media?parent=18155"}],"wp:term":[{"taxonomy":"category","embeddable":true,"href":"https:\/\/www.cnbb.org.br\/cnbb-app\/wp\/v2\/categories?post=18155"},{"taxonomy":"post_tag","embeddable":true,"href":"https:\/\/www.cnbb.org.br\/cnbb-app\/wp\/v2\/tags?post=18155"}],"curies":[{"name":"wp","href":"https:\/\/api.w.org\/{rel}","templated":true}]}}