{"id":18162,"date":"2015-02-11T00:00:00","date_gmt":"2015-02-11T02:00:00","guid":{"rendered":"https:\/\/www.cnbb.org.br\/os-filhos-sao-a-alegria-da-familia-diz-papa-francisco\/"},"modified":"2020-03-11T16:48:03","modified_gmt":"2020-03-11T19:48:03","slug":"os-filhos-sao-a-alegria-da-familia-diz-papa-francisco","status":"publish","type":"post","link":"https:\/\/www.cnbb.org.br\/os-filhos-sao-a-alegria-da-familia-diz-papa-francisco\/","title":{"rendered":"\u201cOs filhos s\u00e3o a alegria da fam\u00edlia\u201d, diz papa Francisco"},"content":{"rendered":"<p style=\"text-align: justify\"><span style=\"font-size: 12.1599998474121px;line-height: 1.3em\">Na catequese desta quarta-feira, 11, o papa Francisco refletiu sobre a presen\u00e7a dos filhos na fam\u00edlia. Ele explicou que ser filho, no projeto de Deus, \u00e9 levar consigo a mem\u00f3ria e a esperan\u00e7a de um amor que realizou a si mesmo dando a vida a outro ser humano.<\/span><\/p>\n<p><!--more--><\/p>\n<p style=\"text-align: justify\"><span style=\"font-size: 12.1599998474121px;line-height: 1.3em\">\u201cOs filhos s\u00e3o a alegria da fam\u00edlia e da sociedade, n\u00e3o \u00e9 um problema de biologia reprodutiva, nem um modo de realizar-se, nem uma posse dos pais; os filhos s\u00e3o um dom, um presente\u201d, disse Francisco.<\/span><\/p>\n<p style=\"text-align: justify\">Durante a catequese, o papa ressaltou que cada filho \u00e9 \u00fanico para os pais. Partilhou com os peregrinos um epis\u00f3dio de sua fam\u00edlia. Contou que sua m\u00e3e, quando questionada sobre qual era seu filho preferido, dizia que seus cinco filhos eram como seus cinco dedos, qualquer um que fosse tirado faria falta. \u201cOs filhos s\u00e3o diferentes, mas s\u00e3o todos filhos\u201d, explicou o pont\u00edfice.<\/p>\n<p style=\"text-align: justify\">Motivou os filhos a nunca deixar de reconhecer os valores de sua fam\u00edlia e honrar o pai e a m\u00e3e, como ensina o quarto mandamento. \u201cUma sociedade de filhos que n\u00e3o honram os pais \u00e9 uma sociedade sem honra; quando n\u00e3o se honra os pais se perde a pr\u00f3pria honra\u201d.<\/p>\n<p style=\"text-align: justify\">Sociedade sem filhos<\/p>\n<p style=\"text-align: justify\">O papa mencionou ainda na catequese a realidade de pais que n\u00e3o querem ter filhos, que contribuem para uma a forma\u00e7\u00e3o de uma sociedade deprimida. Na ocasi\u00e3o, citou, por exemplo, a realidade da Europa, onde a taxa de nascimento n\u00e3o chega a 1%. Recordou, tamb\u00e9m, a Enc\u00edclica <em>Humanae vitae<\/em>, do beato Paulo VI, que dizia que ter mais filhos n\u00e3o pode se tornar automaticamente uma escolha irrespons\u00e1vel. Mas n\u00e3o ter filhos \u00e9 uma escolha ego\u00edsta. \u201cA vida rejuvenesce e conquista energia multiplicando-se\u201d, disse o papa.<\/p>\n<p style=\"text-align: justify\">Confira trecho na \u00edntegra da catequese:<\/p>\n<p style=\"text-align: justify\">Depois de falar sobre as m\u00e3es e os pais, hoje refletiremos sobre os filhos. Esses s\u00e3o a alegria de uma fam\u00edlia e de uma sociedade. N\u00e3o podem jamais ser vistos como propriedade dos pais: os filhos s\u00e3o um dom. Por isso, devem ser amados por aquilo que s\u00e3o; n\u00e3o por serem bonitos, saud\u00e1veis, ou por serem o reflexo de seus pais. Sentindo-se amados pelos pais, os filhos podem descobrir a dimens\u00e3o mais gratuita do amor: a beleza de ser amados, antes de fazerem algo para o merecer. \u00c0 luz do quarto Mandamento, vemos que uma sociedade onde os filhos n\u00e3o honram os seus pais, \u00e9 uma sociedade condenada a encher-se de jovens frios e ambiciosos. Mas, uma sociedade que n\u00e3o quer se circundar de filhos, pois os considera um peso, uma preocupa\u00e7\u00e3o, \u00e9 uma sociedade deprimida. \u00c9 preciso ter a convic\u00e7\u00e3o de que a vida se rejuvenesce e adquire novas energias, justamente ao multiplicar-se. Por fim, \u00e9 olhando para Jesus, o Filho, que n\u00f3s aprenderemos como ser melhores filhos com os nossos pais na terra e com o nosso Pai do C\u00e9u\u201d.<\/p>\n<p style=\"text-align: justify\"><em>CNBB com informa\u00e7\u00f5es do Vaticano.\u00a0<\/em><\/p>\n","protected":false},"excerpt":{"rendered":"<p>Na catequese desta quarta-feira, 11, o papa Francisco refletiu sobre a presen\u00e7a dos filhos na fam\u00edlia. Ele explicou que ser filho, no projeto de Deus, \u00e9 levar consigo a mem\u00f3ria e a esperan\u00e7a de um amor que realizou a si mesmo dando a vida a outro ser humano.<\/p>\n","protected":false},"author":83,"featured_media":18163,"comment_status":"open","ping_status":"open","sticky":false,"template":"","format":"standard","meta":{"site-sidebar-layout":"default","site-content-layout":"default","ast-global-header-display":"","ast-banner-title-visibility":"","ast-main-header-display":"","ast-hfb-above-header-display":"","ast-hfb-below-header-display":"","ast-hfb-mobile-header-display":"","site-post-title":"","ast-breadcrumbs-content":"","ast-featured-img":"","footer-sml-layout":"","theme-transparent-header-meta":"","adv-header-id-meta":"","stick-header-meta":"","header-above-stick-meta":"","header-main-stick-meta":"","header-below-stick-meta":""},"categories":[777],"tags":[],"acf":[],"_links":{"self":[{"href":"https:\/\/www.cnbb.org.br\/cnbb-app\/wp\/v2\/posts\/18162"}],"collection":[{"href":"https:\/\/www.cnbb.org.br\/cnbb-app\/wp\/v2\/posts"}],"about":[{"href":"https:\/\/www.cnbb.org.br\/cnbb-app\/wp\/v2\/types\/post"}],"author":[{"embeddable":true,"href":"https:\/\/www.cnbb.org.br\/cnbb-app\/wp\/v2\/users\/83"}],"replies":[{"embeddable":true,"href":"https:\/\/www.cnbb.org.br\/cnbb-app\/wp\/v2\/comments?post=18162"}],"version-history":[{"count":0,"href":"https:\/\/www.cnbb.org.br\/cnbb-app\/wp\/v2\/posts\/18162\/revisions"}],"wp:featuredmedia":[{"embeddable":true,"href":"https:\/\/www.cnbb.org.br\/cnbb-app\/wp\/v2\/media\/18163"}],"wp:attachment":[{"href":"https:\/\/www.cnbb.org.br\/cnbb-app\/wp\/v2\/media?parent=18162"}],"wp:term":[{"taxonomy":"category","embeddable":true,"href":"https:\/\/www.cnbb.org.br\/cnbb-app\/wp\/v2\/categories?post=18162"},{"taxonomy":"post_tag","embeddable":true,"href":"https:\/\/www.cnbb.org.br\/cnbb-app\/wp\/v2\/tags?post=18162"}],"curies":[{"name":"wp","href":"https:\/\/api.w.org\/{rel}","templated":true}]}}