{"id":18164,"date":"2015-02-20T00:00:00","date_gmt":"2015-02-20T02:00:00","guid":{"rendered":"https:\/\/www.cnbb.org.br\/peregrinacao-da-familia-consolata-encerra-ano-dedicado-ao-fundador\/"},"modified":"2020-03-11T16:48:02","modified_gmt":"2020-03-11T19:48:02","slug":"peregrinacao-da-familia-consolata-encerra-ano-dedicado-ao-fundador","status":"publish","type":"post","link":"https:\/\/www.cnbb.org.br\/peregrinacao-da-familia-consolata-encerra-ano-dedicado-ao-fundador\/","title":{"rendered":"Peregrina\u00e7\u00e3o da Fam\u00edlia Consolata encerra ano dedicado ao fundador"},"content":{"rendered":"<p style=\"text-align: justify\"><span style=\"font-size: 12.1599998474121px;line-height: 1.3em\">O Santu\u00e1rio de Santa Teresinha do Menino Jesus, em S\u00e3o Manuel (SP), foi escolhido pela Fam\u00edlia Consolata para uma Peregrina\u00e7\u00e3o especial, no \u00faltimo domingo, 15, quando se encerraram as atividades do Ano dedicado ao Bem-aventurado Jos\u00e9 Allamano.<\/span><\/p>\n<p><!--more--><\/p>\n<p style=\"text-align: justify\"><span style=\"font-size: 12.1599998474121px;line-height: 1.3em\">O Santu\u00e1rio lotou para a missa presidida pelo padre Salvador Medina, conselheiro geral do Instituto Mission\u00e1rios da Consolata (IMC). &#8220;Celebramos hoje o caminho da Consolata no Brasil, pa\u00eds que contribuiu para o mundo na teologia, na espiritualidade, no jeito de ser Igreja, com mission\u00e1rios e mission\u00e1rias. Hoje, voltamos aqui enriquecidos para dizer muito obrigado&#8221;. Atualmente, as duas congrega\u00e7\u00f5es, masculina e feminina juntas, somam quase 2 mil membros provenientes de mais de 20 pa\u00edses e presentes em 31 pa\u00edses de quatro continentes.<\/span><\/p>\n<p style=\"text-align: justify\">A superiora das mission\u00e1rias da Consolata no Brasil,\u00a0irm\u00e3 Anair Voltolini, \u00a0destacou a dedica\u00e7\u00e3o das religiosas que trabalharam no Semin\u00e1rio, na pastoral, na a\u00e7\u00e3o social e em dois hospitais de Botucatu (SP). &#8220;As mission\u00e1rias nasceram para trabalhar em comunh\u00e3o com os mission\u00e1rios na evangeliza\u00e7\u00e3o e responder \u00e0s exig\u00eancias da miss\u00e3o&#8221;, recordou. Irm\u00e3 Anair explicou que, para Allamano, n\u00e3o existia meio termo, mas a perfei\u00e7\u00e3o. &#8220;A miss\u00e3o deve estar na mente, na boca e no cora\u00e7\u00e3o, em todo ser. Aquilo que eu assumo \u00e9 pra valer&#8221;, disse.<\/p>\n<p style=\"text-align: justify\">O superior provincial do IMC, padre Luiz Carlos Emer, por sua vez, expressou a alegria de estar no &#8220;ber\u00e7o da Consolata no Brasil&#8221; e afirmou que n\u00e3o se pode ficar no passado, \u00e9 necess\u00e1rio olhar o presente e o futuro. \u201cA Igreja que recebeu tanto n\u00e3o pode ficar fechada em sua miss\u00e3o. Queremos sair daqui inspirados&#8221;, exortou padre Luiz.<\/p>\n<p style=\"text-align: justify\">O clero de Botucatu tamb\u00e9m esteve presente na celebra\u00e7\u00e3o. O chanceler da diocese de Botucatu, padre Joenville Ant\u00f4nio de Arruda, leu aos participantes a mensagem enviada pelo bispo local, dom Maur\u00edcio Grotto de Camargo. \u201cVenho manifestar minha gratid\u00e3o pela presen\u00e7a mission\u00e1ria ativa e frutuosa da Fam\u00edlia Consolata em nossa Igreja particular em Botucatu. Podem sempre contar com nosso respeito, admira\u00e7\u00e3o, apoio e ora\u00e7\u00f5es\u201d, dizia um trecho da mensagem.<\/p>\n<p style=\"text-align: justify\">Padre Durvalino Condicelli, \u00fanico mission\u00e1rio da Consolata nascido na cidade, recorda que quase uma centena de mission\u00e1rios trabalharam em S\u00e3o Manuel. &#8220;A cidade ficou conhecida por meio deles e dos que levaram o seu nome aos quatro cantos do mundo, inclusive na Coreia do Sul e Mong\u00f3lia. Ultimamente, os mission\u00e1rios africanos, padres e seminaristas, procuram dar um novo rosto \u00e0 par\u00f3quia. Eles tentam inculcar nas comunidades a verdadeira dimens\u00e3o mission\u00e1ria da Igreja e a raz\u00e3o primeira da presen\u00e7a da Consolata em S\u00e3o Manuel&#8221;, explicou padre Durvalino.<\/p>\n<p style=\"text-align: justify\">A Peregrina\u00e7\u00e3o foi encerrada com um almo\u00e7o de confraterniza\u00e7\u00e3o para cerca de 350 pessoas, no Clube Recreativo da cidade.<\/p>\n<p><strong><em><span style=\"font-size: xx-small\">Com informa\u00e7\u00f5es das POM<\/span><\/em><\/strong><\/p>\n","protected":false},"excerpt":{"rendered":"<p>O Santu\u00e1rio de Santa Teresinha do Menino Jesus, em S\u00e3o Manuel (SP), foi escolhido pela Fam\u00edlia Consolata para uma Peregrina\u00e7\u00e3o especial, no \u00faltimo domingo, 15, quando se encerraram as atividades do Ano dedicado ao Bem-aventurado Jos\u00e9 Allamano.<\/p>\n","protected":false},"author":83,"featured_media":18165,"comment_status":"open","ping_status":"open","sticky":false,"template":"","format":"standard","meta":{"site-sidebar-layout":"default","site-content-layout":"default","ast-global-header-display":"","ast-banner-title-visibility":"","ast-main-header-display":"","ast-hfb-above-header-display":"","ast-hfb-below-header-display":"","ast-hfb-mobile-header-display":"","site-post-title":"","ast-breadcrumbs-content":"","ast-featured-img":"","footer-sml-layout":"","theme-transparent-header-meta":"","adv-header-id-meta":"","stick-header-meta":"","header-above-stick-meta":"","header-main-stick-meta":"","header-below-stick-meta":""},"categories":[777],"tags":[],"acf":[],"_links":{"self":[{"href":"https:\/\/www.cnbb.org.br\/cnbb-app\/wp\/v2\/posts\/18164"}],"collection":[{"href":"https:\/\/www.cnbb.org.br\/cnbb-app\/wp\/v2\/posts"}],"about":[{"href":"https:\/\/www.cnbb.org.br\/cnbb-app\/wp\/v2\/types\/post"}],"author":[{"embeddable":true,"href":"https:\/\/www.cnbb.org.br\/cnbb-app\/wp\/v2\/users\/83"}],"replies":[{"embeddable":true,"href":"https:\/\/www.cnbb.org.br\/cnbb-app\/wp\/v2\/comments?post=18164"}],"version-history":[{"count":0,"href":"https:\/\/www.cnbb.org.br\/cnbb-app\/wp\/v2\/posts\/18164\/revisions"}],"wp:featuredmedia":[{"embeddable":true,"href":"https:\/\/www.cnbb.org.br\/cnbb-app\/wp\/v2\/media\/18165"}],"wp:attachment":[{"href":"https:\/\/www.cnbb.org.br\/cnbb-app\/wp\/v2\/media?parent=18164"}],"wp:term":[{"taxonomy":"category","embeddable":true,"href":"https:\/\/www.cnbb.org.br\/cnbb-app\/wp\/v2\/categories?post=18164"},{"taxonomy":"post_tag","embeddable":true,"href":"https:\/\/www.cnbb.org.br\/cnbb-app\/wp\/v2\/tags?post=18164"}],"curies":[{"name":"wp","href":"https:\/\/api.w.org\/{rel}","templated":true}]}}